{"id":48660,"date":"2025-01-24T00:04:10","date_gmt":"2025-01-24T06:04:10","guid":{"rendered":"https:\/\/noticiasveracruz.com\/?p=48660"},"modified":"2025-01-23T21:52:59","modified_gmt":"2025-01-24T03:52:59","slug":"veracruz-protagonista-en-fitur-2025","status":"publish","type":"post","link":"https:\/\/noticiasveracruz.com\/index.php\/2025\/01\/24\/veracruz-protagonista-en-fitur-2025\/","title":{"rendered":"Veracruz, protagonista en FITUR 2025"},"content":{"rendered":"<p>Veracruz, uno de los estados m\u00e1s emblem\u00e1ticos de M\u00e9xico, dej\u00f3 una profunda huella en la Feria Internacional de Turismo (FITUR), el evento m\u00e1s importante del sector tur\u00edstico a nivel mundial. Bajo el lema \u201cVeracruz Est\u00e1 de Moda\u201d, la delegaci\u00f3n veracruzana present\u00f3 la riqueza cultural, natural y gastron\u00f3mica que hace \u00fanico a este estado, posicion\u00e1ndolo como un destino de excelencia en el \u00e1mbito internacional.<\/p>\n<p>Un Veracruz que Enamora al Mundo <span id=\"_GoBack\"><\/span><\/p>\n<p>La participaci\u00f3n de Veracruz en FITUR destac\u00f3 por mostrar la cultura m\u00e1s profunda y ancestral de M\u00e9xico, con elementos que combinan tradici\u00f3n, modernidad y un legado inigualable. Desde sus inigualables paisajes naturales, como playas majestuosas, cascadas y r\u00edos que atraviesan valles y monta\u00f1as, hasta su magia y misticismo, Veracruz logr\u00f3 capturar la esencia de su pueblo alegre y cordial.<\/p>\n<p>Adem\u00e1s, los artesanos de Veracruz cautivaron a los asistentes con su habilidad para dise\u00f1ar y portar trajes artesanales espl\u00e9ndidos, una muestra tangible de la riqueza cultural del estado.<\/p>\n<p>Un Espect\u00e1culo Cultural sin Precedentes<\/p>\n<p>En el evento encabezado por la Gobernadora de Veracruz, Ing. Roc\u00edo Nahle Garc\u00eda, la delegaci\u00f3n veracruzana brind\u00f3 un espect\u00e1culo \u00fanico que destac\u00f3 por su autenticidad y folclore:<\/p>\n<p>La impresionante ceremonia de los Voladores de Papantla, Patrimonio Cultural Inmaterial de la Humanidad, que deslumbr\u00f3 a los asistentes con su majestuosidad.<\/p>\n<p>Presentaciones de huahuas, jaraneros, jarochas y m\u00fasicos tradicionales, que llevaron los sonidos y colores del son jarocho hasta Europa.<\/p>\n<p>Una r\u00e9plica exacta del legendario Caf\u00e9 de La Parroquia, donde los visitantes disfrutaron del tradicional lechero acompa\u00f1ado de las populares bombas, una poes\u00eda improvisada que deleit\u00f3 al p\u00fablico.<\/p>\n<p>Veracruz Est\u00e1 de Moda<\/p>\n<p>\u201cVeracruz no es solo un destino tur\u00edstico, es una experiencia que se vive con los sentidos y el coraz\u00f3n. Desde nuestra inigualable gastronom\u00eda hasta nuestros paisajes naturales y tradiciones ancestrales, estamos aqu\u00ed para mostrarle al mundo lo mejor que tenemos. Hoy, m\u00e1s que nunca, Veracruz est\u00e1 de moda\u201d, expres\u00f3 la gobernadora Roc\u00edo Nahle durante el evento.<\/p>\n<p>La presencia de Veracruz en FITUR no solo consolida su compromiso de promover su riqueza cultural y natural, sino tambi\u00e9n de posicionar al estado como un destino clave para el turismo internacional, atrayendo a visitantes de todo el mundo, especialmente del mercado europeo.<\/p>\n<p>Veracruz: Una Experiencia Inolvidable<\/p>\n<p>La participaci\u00f3n en FITUR 2025 es un ejemplo del resurgir de Veracruz como un referente en turismo cultural, ecol\u00f3gico y gastron\u00f3mico. La magia, el folclore y la calidez de su gente han reafirmado que este estado mexicano es una joya \u00fanica en el mapa mundial.<\/p>\n","protected":false},"excerpt":{"rendered":"<p>Veracruz, uno de los estados m\u00e1s emblem\u00e1ticos de M\u00e9xico, dej\u00f3 una profunda huella en la Feria Internacional de Turismo (FITUR),<\/p>\n","protected":false},"author":4,"featured_media":48661,"comment_status":"closed","ping_status":"closed","sticky":false,"template":"","format":"standard","meta":{"colormag_page_container_layout":"default_layout","colormag_page_sidebar_layout":"default_layout","_jetpack_memberships_contains_paid_content":false,"footnotes":"","jetpack_publicize_message":"","jetpack_publicize_feature_enabled":true,"jetpack_social_post_already_shared":true,"jetpack_social_options":{"image_generator_settings":{"template":"highway","default_image_id":0,"font":"","enabled":false},"version":2}},"categories":[356],"tags":[],"class_list":["post-48660","post","type-post","status-publish","format-standard","has-post-thumbnail","hentry","category-veracruz"],"jetpack_publicize_connections":[],"jetpack_featured_media_url":"https:\/\/noticiasveracruz.com\/wp-content\/uploads\/2025\/01\/8a1-4.jpg","jetpack_sharing_enabled":true,"publishpress_future_action":{"enabled":false,"date":"2026-05-08 10:33:46","action":"change-status","newStatus":"draft","terms":[],"taxonomy":"category","extraData":[]},"publishpress_future_workflow_manual_trigger":{"enabledWorkflows":[]},"_links":{"self":[{"href":"https:\/\/noticiasveracruz.com\/index.php\/wp-json\/wp\/v2\/posts\/48660","targetHints":{"allow":["GET"]}}],"collection":[{"href":"https:\/\/noticiasveracruz.com\/index.php\/wp-json\/wp\/v2\/posts"}],"about":[{"href":"https:\/\/noticiasveracruz.com\/index.php\/wp-json\/wp\/v2\/types\/post"}],"author":[{"embeddable":true,"href":"https:\/\/noticiasveracruz.com\/index.php\/wp-json\/wp\/v2\/users\/4"}],"replies":[{"embeddable":true,"href":"https:\/\/noticiasveracruz.com\/index.php\/wp-json\/wp\/v2\/comments?post=48660"}],"version-history":[{"count":0,"href":"https:\/\/noticiasveracruz.com\/index.php\/wp-json\/wp\/v2\/posts\/48660\/revisions"}],"wp:featuredmedia":[{"embeddable":true,"href":"https:\/\/noticiasveracruz.com\/index.php\/wp-json\/wp\/v2\/media\/48661"}],"wp:attachment":[{"href":"https:\/\/noticiasveracruz.com\/index.php\/wp-json\/wp\/v2\/media?parent=48660"}],"wp:term":[{"taxonomy":"category","embeddable":true,"href":"https:\/\/noticiasveracruz.com\/index.php\/wp-json\/wp\/v2\/categories?post=48660"},{"taxonomy":"post_tag","embeddable":true,"href":"https:\/\/noticiasveracruz.com\/index.php\/wp-json\/wp\/v2\/tags?post=48660"}],"curies":[{"name":"wp","href":"https:\/\/api.w.org\/{rel}","templated":true}]}}