{"id":4866,"date":"2022-05-31T15:57:43","date_gmt":"2022-05-31T20:57:43","guid":{"rendered":"https:\/\/noticiasveracruz.com\/?p=4866"},"modified":"2022-05-31T19:05:49","modified_gmt":"2022-06-01T00:05:49","slug":"por-control-del-tabaco-en-mexico-presidente-reconocido-por-la-oms","status":"publish","type":"post","link":"https:\/\/noticiasveracruz.com\/index.php\/2022\/05\/31\/por-control-del-tabaco-en-mexico-presidente-reconocido-por-la-oms\/","title":{"rendered":"Por control del tabaco en M\u00e9xico, presidente reconocido por la OMS"},"content":{"rendered":"<p>&nbsp;<\/p>\n<p class=\"p1\"><span style=\"font-size: 14pt;\"><em><strong>Ciudad de M\u00e9xico.<\/strong> <\/em>El presidente <strong>Andr\u00e9s Manuel L\u00f3pez Obrador recibi\u00f3 el Premio de Reconocimiento Especial de la Organizaci\u00f3n Mundial de la Salud<\/strong> (OMS) por las medidas impulsadas en el Gobierno de M\u00e9xico para el <strong>control del consumo del tabaco.<\/strong><\/span><\/p>\n<p class=\"p1\"><span style=\"font-size: 18pt;\"><strong>El representante de la Organizaci\u00f3n Panamericana de la Salud y de la OMS en M\u00e9xico, Miguel Malo Serrano, hizo la entrega f\u00edsica a nombre del director general del organismo, Tedros Adhanom Ghebreyesus.<\/strong><\/span><\/p>\n<blockquote>\n<p class=\"p1\"><span style=\"font-size: 14pt;\">Es un reconocimiento a su liderazgo y apoyo inquebrantable para fortalecer las medidas de control de tabaco en M\u00e9xico. Sus gestiones llevaron a la aprobaci\u00f3n un\u00e1nime de la reforma en la Ley General para el Control del Tabaco en 2021, que resulta en la prohibici\u00f3n total de la publicidad, promoci\u00f3n y patrocinio del tabaco. (\u2026) Su gesti\u00f3n reafirma la importancia del control del tabaco y, sobre todo, asegura permanentemente que el derecho a la salud de la poblaci\u00f3n mexicana est\u00e1 por encima de los intereses del mercado\u201d, expres\u00f3 el doctor Malo Serrano.<\/span><\/p>\n<\/blockquote>\n<p><img loading=\"lazy\" decoding=\"async\" class=\"aligncenter wp-image-6025 size-large\" src=\"https:\/\/politicosaldesnudo.com.mx\/wp-content\/uploads\/2022\/05\/P-RECONOCIMIENTO-AMLO3-1024x573.png\" alt=\"\" width=\"800\" height=\"448\" \/><\/p>\n<p>&nbsp;<\/p>\n<p class=\"p1\"><span style=\"font-size: 18pt;\"><strong>As\u00ed, el presidente L\u00f3pez Obrador firm\u00f3 el Decreto por el que se proh\u00edbe la circulaci\u00f3n y comercializaci\u00f3n en el interior de la Rep\u00fablica, cualquiera que sea su procedencia, de los Sistemas Electr\u00f3nicos de Administraci\u00f3n Nicotina, Sistemas Similares sin Nicotina, Sistemas Alternativos de Consumo de Nicotina, cigarrillos electr\u00f3nicos y dispositivos vaporizadores con sus usos similares, as\u00ed como las soluciones y mezclas utilizadas en dichos sistemas.<\/strong><\/span><\/p>\n<p class=\"p1\"><span style=\"font-size: 18pt;\"><strong>Durante el D\u00eda Mundial Sin Tabaco el mandatario enfatiz\u00f3 en la importancia de informar a la poblaci\u00f3n sobre los da\u00f1os que genera a la salud su consumo.<\/strong><\/span><\/p>\n<blockquote>\n<p class=\"p1\"><span style=\"font-size: 14pt;\">Independientemente del Decreto que firmamos para que no se permita la venta, es poner el tema sobre la mesa, porque estoy seguro, me dejo de llamar Andr\u00e9s Manuel, que la mayor\u00eda de las madres y de los padres no saben del da\u00f1o que ocasionan. Es un asunto de informaci\u00f3n, da hasta cierto prestigio y se piensa que no son da\u00f1inos para la salud\u201d, asever\u00f3.<\/span><\/p>\n<\/blockquote>\n<p class=\"p1\"><span style=\"font-size: 18pt;\"><strong>El representante de la OMS en M\u00e9xico reconoci\u00f3 que acciones como el decreto son ejemplo para la regi\u00f3n de pol\u00edticas encaminadas a la protecci\u00f3n de la salud y el bienestar, principalmente de ni\u00f1as, ni\u00f1os y adolescentes.<\/strong><\/span><\/p>\n<p>&nbsp;<\/p>\n<p><img loading=\"lazy\" decoding=\"async\" class=\"aligncenter wp-image-6024 size-large\" src=\"https:\/\/politicosaldesnudo.com.mx\/wp-content\/uploads\/2022\/05\/P-RECONOCIMIENTO-AMLO2-1024x573.png\" alt=\"\" width=\"800\" height=\"448\" \/><\/p>\n<p>&nbsp;<\/p>\n<p class=\"p1\"><span style=\"font-size: 18pt;\"><strong>El subsecretario de Prevenci\u00f3n y Promoci\u00f3n de la Salud, Hugo L\u00f3pez-Gatell Ram\u00edrez, resalt\u00f3 que, en todas sus presentaciones y dosis, el tabaco es perjudicial, por lo que es mentira que los vapeadores, los cigarrillos electr\u00f3nicos y el tabaco calentado sean alternativas para dejar de fumar.<\/strong><\/span><\/p>\n<p>&nbsp;<\/p>\n<p><img loading=\"lazy\" decoding=\"async\" class=\"aligncenter wp-image-6026 size-large\" src=\"https:\/\/politicosaldesnudo.com.mx\/wp-content\/uploads\/2022\/05\/31-05-2022-Conferencia-de-prensa-matutina-Palacio-Nacional-Foto-01-1024x746.jpeg\" alt=\"\" width=\"800\" height=\"583\" \/><\/p>\n<p>&nbsp;<\/p>\n<p>&nbsp;<\/p>\n<p>&nbsp;<\/p>\n<p>&nbsp;<\/p>\n<p>&nbsp;<\/p>\n","protected":false},"excerpt":{"rendered":"<p>&nbsp; Ciudad de M\u00e9xico. El presidente Andr\u00e9s Manuel L\u00f3pez Obrador recibi\u00f3 el Premio de Reconocimiento Especial de la Organizaci\u00f3n Mundial<\/p>\n","protected":false},"author":4,"featured_media":4867,"comment_status":"closed","ping_status":"closed","sticky":false,"template":"","format":"standard","meta":{"colormag_page_container_layout":"default_layout","colormag_page_sidebar_layout":"default_layout","_jetpack_memberships_contains_paid_content":false,"footnotes":"","jetpack_publicize_message":"","jetpack_publicize_feature_enabled":true,"jetpack_social_post_already_shared":false,"jetpack_social_options":{"image_generator_settings":{"template":"highway","default_image_id":0,"font":"","enabled":false},"version":2}},"categories":[4],"tags":[65,63,827],"class_list":["post-4866","post","type-post","status-publish","format-standard","has-post-thumbnail","hentry","category-nacional","tag-andres-manuel-lopez-obrador","tag-oms","tag-tabaco"],"jetpack_publicize_connections":[],"jetpack_featured_media_url":"https:\/\/noticiasveracruz.com\/wp-content\/uploads\/2022\/05\/P-RECONOCIMIENTO-AMLO1.png","jetpack_sharing_enabled":true,"publishpress_future_action":{"enabled":false,"date":"2026-05-08 22:46:33","action":"change-status","newStatus":"draft","terms":[],"taxonomy":"category","extraData":[]},"publishpress_future_workflow_manual_trigger":{"enabledWorkflows":[]},"_links":{"self":[{"href":"https:\/\/noticiasveracruz.com\/index.php\/wp-json\/wp\/v2\/posts\/4866","targetHints":{"allow":["GET"]}}],"collection":[{"href":"https:\/\/noticiasveracruz.com\/index.php\/wp-json\/wp\/v2\/posts"}],"about":[{"href":"https:\/\/noticiasveracruz.com\/index.php\/wp-json\/wp\/v2\/types\/post"}],"author":[{"embeddable":true,"href":"https:\/\/noticiasveracruz.com\/index.php\/wp-json\/wp\/v2\/users\/4"}],"replies":[{"embeddable":true,"href":"https:\/\/noticiasveracruz.com\/index.php\/wp-json\/wp\/v2\/comments?post=4866"}],"version-history":[{"count":0,"href":"https:\/\/noticiasveracruz.com\/index.php\/wp-json\/wp\/v2\/posts\/4866\/revisions"}],"wp:featuredmedia":[{"embeddable":true,"href":"https:\/\/noticiasveracruz.com\/index.php\/wp-json\/wp\/v2\/media\/4867"}],"wp:attachment":[{"href":"https:\/\/noticiasveracruz.com\/index.php\/wp-json\/wp\/v2\/media?parent=4866"}],"wp:term":[{"taxonomy":"category","embeddable":true,"href":"https:\/\/noticiasveracruz.com\/index.php\/wp-json\/wp\/v2\/categories?post=4866"},{"taxonomy":"post_tag","embeddable":true,"href":"https:\/\/noticiasveracruz.com\/index.php\/wp-json\/wp\/v2\/tags?post=4866"}],"curies":[{"name":"wp","href":"https:\/\/api.w.org\/{rel}","templated":true}]}}