{"id":48657,"date":"2025-01-24T00:03:10","date_gmt":"2025-01-24T06:03:10","guid":{"rendered":"https:\/\/noticiasveracruz.com\/?p=48657"},"modified":"2025-01-23T21:52:01","modified_gmt":"2025-01-24T03:52:01","slug":"publica-sev-convocatoria-para-preinscripciones","status":"publish","type":"post","link":"https:\/\/noticiasveracruz.com\/index.php\/2025\/01\/24\/publica-sev-convocatoria-para-preinscripciones\/","title":{"rendered":"Publica SEV convocatoria para preinscripciones"},"content":{"rendered":"<p>La Secretar\u00eda de Educaci\u00f3n de Veracruz (SEV) public\u00f3 la convocatoria para el proceso de preinscripciones en escuelas p\u00fablicas y privadas de Educaci\u00f3n B\u00e1sica, para el ciclo escolar 2025-2026, que se llevar\u00e1 a cabo del 4 al 14 de febrero del presente a\u00f1o.<\/p>\n<p>La Subsecretar\u00eda de Educaci\u00f3n B\u00e1sica inform\u00f3 que, durante este periodo, madres y padres de familia, as\u00ed como tutores podr\u00e1n preinscribir a sus hijas e hijos a preescolar, primer grado de primaria y primer grado de secundaria.<\/p>\n<p>En el nivel preescolar, se dar\u00e1 prioridad a ni\u00f1as y ni\u00f1os de cuatro y cinco a\u00f1os cumplidos al 31 de diciembre de 2025 para su ingreso a segundo y tercer grado, respectivamente.<\/p>\n<p>En tanto, las y los peque\u00f1os de tres a\u00f1os ser\u00e1n atendidos solo en caso de contar con la infraestructura f\u00edsica y los recursos humanos necesarios.<\/p>\n<p>En primaria, se preinscribir\u00e1n a primer grado las ni\u00f1as y los ni\u00f1os que tengan seis a\u00f1os cumplidos al 31 de diciembre de este a\u00f1o.<\/p>\n<p>Mientras que, en secundaria, ser\u00e1n preinscritos a primer grado las y los alumnos que est\u00e9n cursando sexto grado de educaci\u00f3n primaria, o bien sean egresados de este nivel.<\/p>\n<p>Con base en las disposiciones, si el aspirante tiene entre 12 y 14 a\u00f1os podr\u00e1 preinscribirse en las modalidades General o T\u00e9cnica. En caso de tener de 12 a 15 a\u00f1os le corresponder\u00e1 preinscribirse en Telesecundaria.<\/p>\n<p>Para menores de 18 a\u00f1os que no tengan acceso a la atenci\u00f3n que ofrece la educaci\u00f3n secundaria para adultos, podr\u00e1n ser preinscritos en servicios educativos en comunidades rurales e ind\u00edgenas y centros escolares para poblaci\u00f3n migrante.<\/p>\n<p>Los directivos dar\u00e1n a conocer a la comunidad el proceso de organizaci\u00f3n de manera clara, as\u00ed como la capacidad de matr\u00edcula del plantel para el primer grado, es decir, el n\u00famero de estudiantes que pueden aceptar y atender.<\/p>\n<p>En la convocatoria, la SEV record\u00f3 que la preinscripci\u00f3n no est\u00e1 sujeta a cubrir aportaciones econ\u00f3micas o en especie, o cualquier otro condicionante, ya que de lo contrario se violar\u00eda el precepto constitucional y legal de la gratuidad de la educaci\u00f3n que establece el car\u00e1cter voluntario de estas aportaciones.<\/p>\n<p>Asimismo, para favorecer la inclusi\u00f3n, atender la diversidad y el respeto al derecho a la educaci\u00f3n de las y los alumnos, se deber\u00e1n preinscribir a aquellos que lo soliciten sin discriminaci\u00f3n por origen \u00e9tnico, lengua, discapacidad, religi\u00f3n, entre otras.<\/p>\n","protected":false},"excerpt":{"rendered":"<p>La Secretar\u00eda de Educaci\u00f3n de Veracruz (SEV) public\u00f3 la convocatoria para el proceso de preinscripciones en escuelas p\u00fablicas y privadas<\/p>\n","protected":false},"author":4,"featured_media":48658,"comment_status":"closed","ping_status":"closed","sticky":false,"template":"","format":"standard","meta":{"colormag_page_container_layout":"default_layout","colormag_page_sidebar_layout":"default_layout","_jetpack_memberships_contains_paid_content":false,"footnotes":"","jetpack_publicize_message":"","jetpack_publicize_feature_enabled":true,"jetpack_social_post_already_shared":true,"jetpack_social_options":{"image_generator_settings":{"template":"highway","default_image_id":0,"font":"","enabled":false},"version":2}},"categories":[356],"tags":[],"class_list":["post-48657","post","type-post","status-publish","format-standard","has-post-thumbnail","hentry","category-veracruz"],"jetpack_publicize_connections":[],"jetpack_featured_media_url":"https:\/\/noticiasveracruz.com\/wp-content\/uploads\/2025\/01\/8b1-2.jpg","jetpack_sharing_enabled":true,"publishpress_future_action":{"enabled":false,"date":"2026-05-08 09:42:50","action":"change-status","newStatus":"draft","terms":[],"taxonomy":"category","extraData":[]},"publishpress_future_workflow_manual_trigger":{"enabledWorkflows":[]},"_links":{"self":[{"href":"https:\/\/noticiasveracruz.com\/index.php\/wp-json\/wp\/v2\/posts\/48657","targetHints":{"allow":["GET"]}}],"collection":[{"href":"https:\/\/noticiasveracruz.com\/index.php\/wp-json\/wp\/v2\/posts"}],"about":[{"href":"https:\/\/noticiasveracruz.com\/index.php\/wp-json\/wp\/v2\/types\/post"}],"author":[{"embeddable":true,"href":"https:\/\/noticiasveracruz.com\/index.php\/wp-json\/wp\/v2\/users\/4"}],"replies":[{"embeddable":true,"href":"https:\/\/noticiasveracruz.com\/index.php\/wp-json\/wp\/v2\/comments?post=48657"}],"version-history":[{"count":0,"href":"https:\/\/noticiasveracruz.com\/index.php\/wp-json\/wp\/v2\/posts\/48657\/revisions"}],"wp:featuredmedia":[{"embeddable":true,"href":"https:\/\/noticiasveracruz.com\/index.php\/wp-json\/wp\/v2\/media\/48658"}],"wp:attachment":[{"href":"https:\/\/noticiasveracruz.com\/index.php\/wp-json\/wp\/v2\/media?parent=48657"}],"wp:term":[{"taxonomy":"category","embeddable":true,"href":"https:\/\/noticiasveracruz.com\/index.php\/wp-json\/wp\/v2\/categories?post=48657"},{"taxonomy":"post_tag","embeddable":true,"href":"https:\/\/noticiasveracruz.com\/index.php\/wp-json\/wp\/v2\/tags?post=48657"}],"curies":[{"name":"wp","href":"https:\/\/api.w.org\/{rel}","templated":true}]}}