{"id":48654,"date":"2025-01-24T00:02:07","date_gmt":"2025-01-24T06:02:07","guid":{"rendered":"https:\/\/noticiasveracruz.com\/?p=48654"},"modified":"2025-01-23T21:50:55","modified_gmt":"2025-01-24T03:50:55","slug":"lanzan-convocatoria-para-integrar-cchas","status":"publish","type":"post","link":"https:\/\/noticiasveracruz.com\/index.php\/2025\/01\/24\/lanzan-convocatoria-para-integrar-cchas\/","title":{"rendered":"Lanzan convocatoria para integrar CCHAS"},"content":{"rendered":"<p>El Gobierno de Veracruz, comprometido con la creaci\u00f3n de entornos laborales libres de violencia y el pleno respeto a los derechos humanos, invita a ocupar el puesto de Vocal en la Comisi\u00f3n del Protocolo para la prevenci\u00f3n, atenci\u00f3n y sanci\u00f3n del hostigamiento y acoso sexual.<\/p>\n<p>Esta convocatoria para integrar la Comisi\u00f3n contra el hostigamiento y acoso sexual est\u00e1 dirigida a mujeres que formen parte de instituciones acad\u00e9micas o asociaciones civiles sin fines de lucro, con un firme compromiso hacia la igualdad y la justicia social. <span id=\"_GoBack\"><\/span><\/p>\n<p>Las interesadas deben contar con experiencia en derechos humanos y g\u00e9nero y desear participar de manera voluntaria; podr\u00e1n consultar los detalles sobre los requisitos, procedimientos y responsabilidades en https:\/\/www.cgever.gob.mx\/2025\/pdf\/25-2195%20IVM%20ANEXOS.pdf<\/p>\n<p>La Comisi\u00f3n est\u00e1 conformada por la Contralor\u00eda General del Estado, la Secretar\u00eda del Trabajo, Previsi\u00f3n Social y Productividad, la Oficina de la Gobernadora, el Instituto Veracruzano de las Mujeres, la Direcci\u00f3n General de Cultura de Paz y Derechos Humanos.<\/p>\n","protected":false},"excerpt":{"rendered":"<p>El Gobierno de Veracruz, comprometido con la creaci\u00f3n de entornos laborales libres de violencia y el pleno respeto a los<\/p>\n","protected":false},"author":4,"featured_media":48655,"comment_status":"closed","ping_status":"closed","sticky":false,"template":"","format":"standard","meta":{"colormag_page_container_layout":"default_layout","colormag_page_sidebar_layout":"default_layout","_jetpack_memberships_contains_paid_content":false,"footnotes":"","jetpack_publicize_message":"","jetpack_publicize_feature_enabled":true,"jetpack_social_post_already_shared":true,"jetpack_social_options":{"image_generator_settings":{"template":"highway","default_image_id":0,"font":"","enabled":false},"version":2}},"categories":[356],"tags":[],"class_list":["post-48654","post","type-post","status-publish","format-standard","has-post-thumbnail","hentry","category-veracruz"],"jetpack_publicize_connections":[],"jetpack_featured_media_url":"https:\/\/noticiasveracruz.com\/wp-content\/uploads\/2025\/01\/9c-6.jpg","jetpack_sharing_enabled":true,"publishpress_future_action":{"enabled":false,"date":"2026-05-08 09:38:01","action":"change-status","newStatus":"draft","terms":[],"taxonomy":"category","extraData":[]},"publishpress_future_workflow_manual_trigger":{"enabledWorkflows":[]},"_links":{"self":[{"href":"https:\/\/noticiasveracruz.com\/index.php\/wp-json\/wp\/v2\/posts\/48654","targetHints":{"allow":["GET"]}}],"collection":[{"href":"https:\/\/noticiasveracruz.com\/index.php\/wp-json\/wp\/v2\/posts"}],"about":[{"href":"https:\/\/noticiasveracruz.com\/index.php\/wp-json\/wp\/v2\/types\/post"}],"author":[{"embeddable":true,"href":"https:\/\/noticiasveracruz.com\/index.php\/wp-json\/wp\/v2\/users\/4"}],"replies":[{"embeddable":true,"href":"https:\/\/noticiasveracruz.com\/index.php\/wp-json\/wp\/v2\/comments?post=48654"}],"version-history":[{"count":0,"href":"https:\/\/noticiasveracruz.com\/index.php\/wp-json\/wp\/v2\/posts\/48654\/revisions"}],"wp:featuredmedia":[{"embeddable":true,"href":"https:\/\/noticiasveracruz.com\/index.php\/wp-json\/wp\/v2\/media\/48655"}],"wp:attachment":[{"href":"https:\/\/noticiasveracruz.com\/index.php\/wp-json\/wp\/v2\/media?parent=48654"}],"wp:term":[{"taxonomy":"category","embeddable":true,"href":"https:\/\/noticiasveracruz.com\/index.php\/wp-json\/wp\/v2\/categories?post=48654"},{"taxonomy":"post_tag","embeddable":true,"href":"https:\/\/noticiasveracruz.com\/index.php\/wp-json\/wp\/v2\/tags?post=48654"}],"curies":[{"name":"wp","href":"https:\/\/api.w.org\/{rel}","templated":true}]}}