{"id":48651,"date":"2025-01-24T00:01:06","date_gmt":"2025-01-24T06:01:06","guid":{"rendered":"https:\/\/noticiasveracruz.com\/?p=48651"},"modified":"2025-01-23T21:49:54","modified_gmt":"2025-01-24T03:49:54","slug":"de-los-voladores-de-papantla-al-son-jarocho","status":"publish","type":"post","link":"https:\/\/noticiasveracruz.com\/index.php\/2025\/01\/24\/de-los-voladores-de-papantla-al-son-jarocho\/","title":{"rendered":"De los Voladores de Papantla al Son jarocho"},"content":{"rendered":"<p>Con la participaci\u00f3n de maestros artesanos, danzantes y exponentes de diversas expresiones, el Gobierno de Veracruz llev\u00f3 su esencia al coraz\u00f3n de la Feria Internacional de Turismo (FITUR), reafirm\u00e1ndose como cuna de tradiciones y patrimonio inmaterial.<\/p>\n<p>Bajo la premisa de que la cultura es un puente que conecta generaciones, tradiciones y personas, la Secretar\u00eda de Cultura (SECVER) transform\u00f3 el stand de Veracruz en un espacio lleno de vida y autenticidad.<\/p>\n<p>Entre los principales atractivos, destac\u00f3 la danza ancestral de los Voladores de Papantla, el vibrante Son Jarocho y una exhibici\u00f3n de artesan\u00edas \u00fanicas que narran la historia y cosmovisi\u00f3n de los pueblos originarios.<\/p>\n<p>Este recorrido incluy\u00f3 manifestaciones contempor\u00e1neas que han sabido preservar las ra\u00edces mientras dialogan con el presente, desde la civilizaci\u00f3n Olmeca, considerada la Cultura madre de Mesoam\u00e9rica, hasta la influencia de los totonacas, quienes convirtieron el Taj\u00edn en su capital.<\/p>\n<p>La delegaci\u00f3n veracruzana encabezada por la gobernadora Roc\u00edo Nahle Garc\u00eda y la titular de SECVER, X\u00f3chitl Molina Gonz\u00e1lez no solo presentaron a Veracruz como un destino geogr\u00e1fico, sino como un mosaico que celebra su diversidad, arraigo y creatividad, invitando al mundo a reconocer y valorar su aporte al patrimonio de M\u00e9xico y del mundo.<\/p>\n","protected":false},"excerpt":{"rendered":"<p>Con la participaci\u00f3n de maestros artesanos, danzantes y exponentes de diversas expresiones, el Gobierno de Veracruz llev\u00f3 su esencia al<\/p>\n","protected":false},"author":4,"featured_media":48652,"comment_status":"closed","ping_status":"closed","sticky":false,"template":"","format":"standard","meta":{"colormag_page_container_layout":"default_layout","colormag_page_sidebar_layout":"default_layout","_jetpack_memberships_contains_paid_content":false,"footnotes":"","jetpack_publicize_message":"","jetpack_publicize_feature_enabled":true,"jetpack_social_post_already_shared":true,"jetpack_social_options":{"image_generator_settings":{"template":"highway","default_image_id":0,"font":"","enabled":false},"version":2}},"categories":[356],"tags":[],"class_list":["post-48651","post","type-post","status-publish","format-standard","has-post-thumbnail","hentry","category-veracruz"],"jetpack_publicize_connections":[],"jetpack_featured_media_url":"https:\/\/noticiasveracruz.com\/wp-content\/uploads\/2025\/01\/9a-10.jpg","jetpack_sharing_enabled":true,"publishpress_future_action":{"enabled":false,"date":"2026-05-08 07:58:52","action":"change-status","newStatus":"draft","terms":[],"taxonomy":"category","extraData":[]},"publishpress_future_workflow_manual_trigger":{"enabledWorkflows":[]},"_links":{"self":[{"href":"https:\/\/noticiasveracruz.com\/index.php\/wp-json\/wp\/v2\/posts\/48651","targetHints":{"allow":["GET"]}}],"collection":[{"href":"https:\/\/noticiasveracruz.com\/index.php\/wp-json\/wp\/v2\/posts"}],"about":[{"href":"https:\/\/noticiasveracruz.com\/index.php\/wp-json\/wp\/v2\/types\/post"}],"author":[{"embeddable":true,"href":"https:\/\/noticiasveracruz.com\/index.php\/wp-json\/wp\/v2\/users\/4"}],"replies":[{"embeddable":true,"href":"https:\/\/noticiasveracruz.com\/index.php\/wp-json\/wp\/v2\/comments?post=48651"}],"version-history":[{"count":0,"href":"https:\/\/noticiasveracruz.com\/index.php\/wp-json\/wp\/v2\/posts\/48651\/revisions"}],"wp:featuredmedia":[{"embeddable":true,"href":"https:\/\/noticiasveracruz.com\/index.php\/wp-json\/wp\/v2\/media\/48652"}],"wp:attachment":[{"href":"https:\/\/noticiasveracruz.com\/index.php\/wp-json\/wp\/v2\/media?parent=48651"}],"wp:term":[{"taxonomy":"category","embeddable":true,"href":"https:\/\/noticiasveracruz.com\/index.php\/wp-json\/wp\/v2\/categories?post=48651"},{"taxonomy":"post_tag","embeddable":true,"href":"https:\/\/noticiasveracruz.com\/index.php\/wp-json\/wp\/v2\/tags?post=48651"}],"curies":[{"name":"wp","href":"https:\/\/api.w.org\/{rel}","templated":true}]}}