{"id":48638,"date":"2025-01-23T00:23:58","date_gmt":"2025-01-23T06:23:58","guid":{"rendered":"https:\/\/noticiasveracruz.com\/?p=48638"},"modified":"2025-01-22T22:49:44","modified_gmt":"2025-01-23T04:49:44","slug":"ipe-programa-de-prestamos-2025","status":"publish","type":"post","link":"https:\/\/noticiasveracruz.com\/index.php\/2025\/01\/23\/ipe-programa-de-prestamos-2025\/","title":{"rendered":"IPE: Programa de Pr\u00e9stamos 2025"},"content":{"rendered":"<p><em>\u201cSon de m\u00e1s valor la honradez y el talento que la riqueza.\u201d \u2013 John Dryden.<\/em><\/p>\n<p><strong>\u00a0<\/strong><strong>Uno de los verdaderos aciertos de la 4T en Veracruz fue el rescate financiero y la estabilizaci\u00f3n del Instituto de Pensiones del Estado (IPE), el organismo creado con el objetivo de respaldar a las personas trabajadores del estado, brind\u00e1ndoles prestaciones de Ley que llegado el momento les garantice una jubilaci\u00f3n o pensi\u00f3n decorosa por sus muchos a\u00f1os de trabajo en favor de la entidad.<\/strong><\/p>\n<p><strong>Otro indiscutible acierto fue en la selecci\u00f3n de su titular y su equipo de trabajo, pues han comprobado que tambi\u00e9n el delegarle la funci\u00f3n a una mujer de su calidad moral y pol\u00edtica ha sido lo mejor que le ha pasado al instituto en los \u00faltimos 35 a\u00f1os.<\/strong><\/p>\n<p><strong>Tan solo como dato plus, Griego Ceballos es la primera mujer directora del Instituto en casi 50 a\u00f1os de fundaci\u00f3n.<\/strong><\/p>\n<p><strong>Daniela Griego a seguido la m\u00edstica de servir y no servirse, sabe que, de su directriz, el Instituto se ha convertido en un referente nacional del correcto desempe\u00f1o y manejo de los recursos, por algo el finado financiero y empresario Carlos Bremer hizo clic con ellos, respaldando el manejo de la Reserva T\u00e9cnica del IPE ayud\u00e1ndole a hacerla crecer, al punto de buscar equilibrar la balanza que por a\u00f1os fue deficitaria por todas partes.<\/strong><\/p>\n<p><strong>Es por ello, que el anuncio del arranque del Programa de Pr\u00e9stamos 2025 del Instituto de Pensiones del Estado (IPE) de Veracruz comenz\u00f3 el 20 de enero de 2025. Este programa tiene como objetivo beneficiar a los derechohabientes del IPE y sus familias.<\/strong><\/p>\n<p><strong>V\u00edctor Hugo Meza Cruz jefe del Departamento de Prestaciones Econ\u00f3micas, responsable del programa de pr\u00e9stamos afirm\u00f3 en entrevista con este reportero que el IPE cuenta actualmente con un presupuesto de 755 millones de pesos para este programa, el m\u00e1s alto desde su creaci\u00f3n. <\/strong><\/p>\n<p><strong>Cabe se\u00f1alar que los requisitos para solicitar un pr\u00e9stamo en el IPE tener una antig\u00fcedad m\u00ednima de 6 meses para tramitar el pr\u00e9stamo de corto plazo y de tres a\u00f1os para el pr\u00e9stamo de mediano plazo (que va de los 24 meses a los 36 meses). Despu\u00e9s de 10 a\u00f1os de cotizar al instituto de pensiones, las y los solicitantes ya no requieren de aval para el pr\u00e9stamo de corto plazo. Para el pr\u00e9stamo de mediano plazo se solicita un aval para que se otorgue el pr\u00e9stamo.<\/strong><\/p>\n<p><strong>Meza Cruz precisa que los pr\u00e9stamos del Instituto se pueden solicitar de manera presencial, a trav\u00e9s de la Plataforma de Recepci\u00f3n Digital o mediante las organizaciones sindicales. <\/strong><\/p>\n<p><strong>El IPE para este ejercicio implementar\u00e1 una innovaci\u00f3n tecnol\u00f3gica en los pr\u00f3ximos meses. Un asistente virtual inteligente mediante WhatsApp, que har\u00e1 simulaciones de pr\u00e9stamos, dar\u00e1 requisitos y ayudar\u00e1 al llenado de solicitudes.<\/strong><\/p>\n<p><strong>As\u00ed que ya lo sabe, si es pensionista del IPE que encabeza Daniela Griego y quiere participar en este atractivo programa, ac\u00e9rquese a \u00e9l y cuente con sus beneficios.<\/strong><\/p>\n<p><strong>\u00a0<\/strong><strong>Al tiempo.<\/strong><\/p>\n<p><img loading=\"lazy\" decoding=\"async\" class=\"alignnone wp-image-48634 size-full\" src=\"http:\/\/noticiasveracruz.com\/wp-content\/uploads\/2025\/01\/FIRMA-EDITORIAL-PD-5.jpg\" alt=\"\" width=\"1024\" height=\"125\" srcset=\"https:\/\/noticiasveracruz.com\/wp-content\/uploads\/2025\/01\/FIRMA-EDITORIAL-PD-5.jpg 1024w, https:\/\/noticiasveracruz.com\/wp-content\/uploads\/2025\/01\/FIRMA-EDITORIAL-PD-5-300x37.jpg 300w, https:\/\/noticiasveracruz.com\/wp-content\/uploads\/2025\/01\/FIRMA-EDITORIAL-PD-5-768x94.jpg 768w\" sizes=\"auto, (max-width: 1024px) 100vw, 1024px\" \/><\/p>\n","protected":false},"excerpt":{"rendered":"<p>\u201cSon de m\u00e1s valor la honradez y el talento que la riqueza.\u201d \u2013 John Dryden. \u00a0Uno de los verdaderos aciertos<\/p>\n","protected":false},"author":4,"featured_media":30989,"comment_status":"closed","ping_status":"closed","sticky":false,"template":"","format":"standard","meta":{"colormag_page_container_layout":"default_layout","colormag_page_sidebar_layout":"default_layout","_jetpack_memberships_contains_paid_content":false,"footnotes":"","jetpack_publicize_message":"","jetpack_publicize_feature_enabled":true,"jetpack_social_post_already_shared":true,"jetpack_social_options":{"image_generator_settings":{"template":"highway","default_image_id":0,"font":"","enabled":false},"version":2}},"categories":[6],"tags":[],"class_list":["post-48638","post","type-post","status-publish","format-standard","has-post-thumbnail","hentry","category-columnistas"],"jetpack_publicize_connections":[],"jetpack_featured_media_url":"https:\/\/noticiasveracruz.com\/wp-content\/uploads\/2024\/05\/LUIS-RAMIREZ-BAQUEIRO-800x445-1.png","jetpack_sharing_enabled":true,"publishpress_future_action":{"enabled":false,"date":"2026-05-08 07:56:26","action":"change-status","newStatus":"draft","terms":[],"taxonomy":"category","extraData":[]},"publishpress_future_workflow_manual_trigger":{"enabledWorkflows":[]},"_links":{"self":[{"href":"https:\/\/noticiasveracruz.com\/index.php\/wp-json\/wp\/v2\/posts\/48638","targetHints":{"allow":["GET"]}}],"collection":[{"href":"https:\/\/noticiasveracruz.com\/index.php\/wp-json\/wp\/v2\/posts"}],"about":[{"href":"https:\/\/noticiasveracruz.com\/index.php\/wp-json\/wp\/v2\/types\/post"}],"author":[{"embeddable":true,"href":"https:\/\/noticiasveracruz.com\/index.php\/wp-json\/wp\/v2\/users\/4"}],"replies":[{"embeddable":true,"href":"https:\/\/noticiasveracruz.com\/index.php\/wp-json\/wp\/v2\/comments?post=48638"}],"version-history":[{"count":0,"href":"https:\/\/noticiasveracruz.com\/index.php\/wp-json\/wp\/v2\/posts\/48638\/revisions"}],"wp:featuredmedia":[{"embeddable":true,"href":"https:\/\/noticiasveracruz.com\/index.php\/wp-json\/wp\/v2\/media\/30989"}],"wp:attachment":[{"href":"https:\/\/noticiasveracruz.com\/index.php\/wp-json\/wp\/v2\/media?parent=48638"}],"wp:term":[{"taxonomy":"category","embeddable":true,"href":"https:\/\/noticiasveracruz.com\/index.php\/wp-json\/wp\/v2\/categories?post=48638"},{"taxonomy":"post_tag","embeddable":true,"href":"https:\/\/noticiasveracruz.com\/index.php\/wp-json\/wp\/v2\/tags?post=48638"}],"curies":[{"name":"wp","href":"https:\/\/api.w.org\/{rel}","templated":true}]}}