{"id":48636,"date":"2025-01-23T00:22:22","date_gmt":"2025-01-23T06:22:22","guid":{"rendered":"https:\/\/noticiasveracruz.com\/?p=48636"},"modified":"2025-01-22T22:47:12","modified_gmt":"2025-01-23T04:47:12","slug":"veracruz-y-las-ferias-de-turismo","status":"publish","type":"post","link":"https:\/\/noticiasveracruz.com\/index.php\/2025\/01\/23\/veracruz-y-las-ferias-de-turismo\/","title":{"rendered":"Veracruz y las Ferias de Turismo"},"content":{"rendered":"<ul>\n<li style=\"font-weight: 400;\"><strong>Se gastan millones de pesos en promoci\u00f3n, pero sin resultados efectivos<\/strong><\/li>\n<li style=\"font-weight: 400;\"><strong>Solo sirven para dos cosas: gastar el presupuesto y el paseo de funcionarios<\/strong><\/li>\n<li style=\"font-weight: 400;\"><strong>Sedena invirti\u00f3 22.1 millones de pesos en promover el Tren Maya<\/strong><\/li>\n<\/ul>\n<p style=\"font-weight: 400;\"><strong>Por Miguel \u00c1ngel Cristiani G.<\/strong><\/p>\n<p style=\"font-weight: 400;\">Ahora que se revel\u00f3 que la Sedena invirti\u00f3 22.1 millones de pesos en promover el Tren Maya en ferias de turismo internacional, pero se desconoce resultados positivos, y que ac\u00e1 en el terru\u00f1o veracruzano est\u00e1n preparando maletas para viajar a Espa\u00f1a para participar en la Feria Internacional de Turismo de este a\u00f1o, resulta interesante analizar para que sirven en realidad esos eventos y cuales son los resultados obtenidos.<\/p>\n<p style=\"font-weight: 400;\">La gobernadora Roc\u00edo Nahle Garc\u00eda anunci\u00f3 hace unos d\u00edas que Veracruz tendr\u00e1 una presencia hist\u00f3rica en la pr\u00f3xima edici\u00f3n de la Feria Internacional de Turismo (FITUR), a celebrarse en Madrid del 22 al 26 de enero del presente.\u00a0\u00a0\u00a0\u00abSeremos uno de los destinos con mayor presencia, donde tendremos la oportunidad de mostrar nuestra riqueza cultural, natural y gastron\u00f3mica\u00bb, expres\u00f3.<\/p>\n<p style=\"font-weight: 400;\">Habr\u00eda que recordar en principio que hasta la pasada administraci\u00f3n federal, encabezada por el presidente Andr\u00e9s L\u00f3pez Obrador y l\u00edder moral de MORENA, los viajes al extranjero estaban vetados para todos los funcionarios p\u00fablicos. \u00bfYa cambi\u00f3 la pol\u00edtica?<\/p>\n<p style=\"font-weight: 400;\">Es bien sabido que esas famosas giras a ferias internacionales, solo sirven para dos cosas: gastar dinero del presupuesto en montar estands y que los funcionarios de todos los niveles vayan a pasear.<\/p>\n<p style=\"font-weight: 400;\">Pero nunca se dan a conocer los resultados efectivos, porque anunciar que se lograron un titipuchal de citas con agencias de viajes y prestadores de servicio, no significan que vayan a venir titipuchal de turistas extranjeros.<\/p>\n<p style=\"font-weight: 400;\">As\u00ed las cosas, todav\u00eda est\u00e1n a tiempo de rectificar la participaci\u00f3n \u201cdestacad\u00edsima\u201d del estado de Veracruz en la feria de Madrid.<\/p>\n<p style=\"font-weight: 400;\">Para muestra un bot\u00f3n -dir\u00eda Pancho L\u00f3pez el fil\u00f3sofo ateniense xalape\u00f1o- ya que en un reportaje de Animal Pol\u00edtico se revel\u00f3 esta semana, que antes de ser inaugurado, el Tren Maya cont\u00f3 con una difusi\u00f3n especial en ferias de turismo en Madrid, Berl\u00edn y Londres, junto a la marca \u201cM\u00e9xico\u201d, pero no hay datos para medir cu\u00e1nto turismo se capt\u00f3 con esa estrategia.<\/p>\n<p style=\"font-weight: 400;\">Desde antes de ser inaugurado, el Tren Maya cont\u00f3 con una inversi\u00f3n de 22 millones 100 mil pesos para los stands que promocionaron el proyecto en ferias de turismo europeas, en ciudades como Madrid, Berl\u00edn y Londres, seg\u00fan documentos de la plataforma Compranet de la Secretar\u00eda de Hacienda y Cr\u00e9dito P\u00fablico (SHCP). Sin embargo, no hay datos que permitan evaluar cu\u00e1ntos turistas se captaron con esta estrategia.<\/p>\n<p style=\"font-weight: 400;\">La Secretar\u00eda de la Defensa Nacional (Sedena) pag\u00f3 esa cantidad a la empresa Creatividad y Espect\u00e1culos SA de CV en dos contratos, para la creaci\u00f3n de cuatro stands entre noviembre de 2023 y junio de 2024 \u2013el arranque de las operaciones fue el 16 de diciembre de 2023\u2013. Pero los mismos fueron utilizados solo para la promoci\u00f3n del tren y no de otras atracciones tur\u00edsticas del pa\u00eds.<\/p>\n<p style=\"font-weight: 400;\">Las ferias en las que el stand bautizado como \u201cEl domo de Kukulk\u00e1n\u201d particip\u00f3 fueron las siguientes:<\/p>\n<ul>\n<li style=\"font-weight: 400;\">World Turism Market (WTM) en Londres, Inglaterra, en noviembre de 2023<\/li>\n<li style=\"font-weight: 400;\">Feria Internacional de Turismo (FITUR) en Madrid, Espa\u00f1a, en enero de 2024<\/li>\n<li style=\"font-weight: 400;\">International Tourism Berlin (ITB) en Berl\u00edn, Alemania, en marzo de 2024<\/li>\n<li style=\"font-weight: 400;\">Tianguis tur\u00edstico de Acapulco, en M\u00e9xico, en abril de 2024<\/li>\n<\/ul>\n<p style=\"font-weight: 400;\">En su informe de enero de 2023 a junio de 2024, el Tren Maya destac\u00f3 que de su participaci\u00f3n en ese tipo de eventos obtuvo mil 250 citas de negocios con proveedores internacionales y un tr\u00e1fico de m\u00e1s de 14 mil 500 visitantes en los stands, pero no tiene datos sobre cu\u00e1ntas personas concretaron un viaje.<\/p>\n<p style=\"font-weight: 400;\">Ac\u00e1 en el terru\u00f1o veracruzano, \u00bfCu\u00e1nto nos va a costar la participaci\u00f3n del estado en la Feria Internacional de Turismo (FITUR) en Madrid, Espa\u00f1a?<\/p>\n<p style=\"font-weight: 400;\">Esperamos que ahora la actual secretaria de Turismo, -que por cierto quien sabe por d\u00f3nde andar\u00e1 porque no se le ha visto para nada- no se vaya a poner a dar bailecitos de brinquitos, como parte de las estrategias para atraer el turismo, porque eso si ya vimos que no funciona para nada.<\/p>\n<p style=\"font-weight: 400;\">Para m\u00e1s informaci\u00f3n consulta nuestra p\u00e1gina\u00a0<a href=\"https:\/\/www.xn--bitacoraspolticas-ovb.com\/\" data-saferedirecturl=\"https:\/\/www.google.com\/url?q=https:\/\/www.xn--bitacoraspolticas-ovb.com\/&amp;source=gmail&amp;ust=1737688852734000&amp;usg=AOvVaw0KPkEMrUap3nWYV5nlsJei\">https:\/\/www.xn--bitacoraspolticas-ovb.com\/<\/a><\/p>\n<p><img loading=\"lazy\" decoding=\"async\" class=\"alignnone wp-image-48634 size-full\" src=\"http:\/\/noticiasveracruz.com\/wp-content\/uploads\/2025\/01\/FIRMA-EDITORIAL-PD-5.jpg\" alt=\"\" width=\"1024\" height=\"125\" srcset=\"https:\/\/noticiasveracruz.com\/wp-content\/uploads\/2025\/01\/FIRMA-EDITORIAL-PD-5.jpg 1024w, https:\/\/noticiasveracruz.com\/wp-content\/uploads\/2025\/01\/FIRMA-EDITORIAL-PD-5-300x37.jpg 300w, https:\/\/noticiasveracruz.com\/wp-content\/uploads\/2025\/01\/FIRMA-EDITORIAL-PD-5-768x94.jpg 768w\" sizes=\"auto, (max-width: 1024px) 100vw, 1024px\" \/><\/p>\n","protected":false},"excerpt":{"rendered":"<p>Se gastan millones de pesos en promoci\u00f3n, pero sin resultados efectivos Solo sirven para dos cosas: gastar el presupuesto y<\/p>\n","protected":false},"author":4,"featured_media":29037,"comment_status":"closed","ping_status":"closed","sticky":false,"template":"","format":"standard","meta":{"colormag_page_container_layout":"default_layout","colormag_page_sidebar_layout":"default_layout","_jetpack_memberships_contains_paid_content":false,"footnotes":"","jetpack_publicize_message":"","jetpack_publicize_feature_enabled":true,"jetpack_social_post_already_shared":true,"jetpack_social_options":{"image_generator_settings":{"template":"highway","default_image_id":0,"font":"","enabled":false},"version":2}},"categories":[6],"tags":[],"class_list":["post-48636","post","type-post","status-publish","format-standard","has-post-thumbnail","hentry","category-columnistas"],"jetpack_publicize_connections":[],"jetpack_featured_media_url":"https:\/\/noticiasveracruz.com\/wp-content\/uploads\/2024\/04\/BANNER-cristiani-NV.jpg","jetpack_sharing_enabled":true,"publishpress_future_action":{"enabled":false,"date":"2026-05-08 09:00:27","action":"change-status","newStatus":"draft","terms":[],"taxonomy":"category","extraData":[]},"publishpress_future_workflow_manual_trigger":{"enabledWorkflows":[]},"_links":{"self":[{"href":"https:\/\/noticiasveracruz.com\/index.php\/wp-json\/wp\/v2\/posts\/48636","targetHints":{"allow":["GET"]}}],"collection":[{"href":"https:\/\/noticiasveracruz.com\/index.php\/wp-json\/wp\/v2\/posts"}],"about":[{"href":"https:\/\/noticiasveracruz.com\/index.php\/wp-json\/wp\/v2\/types\/post"}],"author":[{"embeddable":true,"href":"https:\/\/noticiasveracruz.com\/index.php\/wp-json\/wp\/v2\/users\/4"}],"replies":[{"embeddable":true,"href":"https:\/\/noticiasveracruz.com\/index.php\/wp-json\/wp\/v2\/comments?post=48636"}],"version-history":[{"count":0,"href":"https:\/\/noticiasveracruz.com\/index.php\/wp-json\/wp\/v2\/posts\/48636\/revisions"}],"wp:featuredmedia":[{"embeddable":true,"href":"https:\/\/noticiasveracruz.com\/index.php\/wp-json\/wp\/v2\/media\/29037"}],"wp:attachment":[{"href":"https:\/\/noticiasveracruz.com\/index.php\/wp-json\/wp\/v2\/media?parent=48636"}],"wp:term":[{"taxonomy":"category","embeddable":true,"href":"https:\/\/noticiasveracruz.com\/index.php\/wp-json\/wp\/v2\/categories?post=48636"},{"taxonomy":"post_tag","embeddable":true,"href":"https:\/\/noticiasveracruz.com\/index.php\/wp-json\/wp\/v2\/tags?post=48636"}],"curies":[{"name":"wp","href":"https:\/\/api.w.org\/{rel}","templated":true}]}}