{"id":48633,"date":"2025-01-23T00:21:44","date_gmt":"2025-01-23T06:21:44","guid":{"rendered":"https:\/\/noticiasveracruz.com\/?p=48633"},"modified":"2025-01-22T22:44:30","modified_gmt":"2025-01-23T04:44:30","slug":"el-desafio-de-la-dra-sheinbaum","status":"publish","type":"post","link":"https:\/\/noticiasveracruz.com\/index.php\/2025\/01\/23\/el-desafio-de-la-dra-sheinbaum\/","title":{"rendered":"EL DESAF\u00cdO DE LA DRA. SHEINBAUM"},"content":{"rendered":"<p>En todos los Pa\u00edses de la Comunidad Internacional se plantea a los gobernantes el arduo problema de brindar una protecci\u00f3n preponderante a los menores de edad y siendo \u00e9ste un t\u00f3pico de enormes posibilidades, puesto que alcanza desde la infancia desvalida hasta aquellas v\u00edctimas de la pederastia, no es un vulgar clich\u00e9 para ser desatendido.<\/p>\n<p>Joaqu\u00edn Costa Mart\u00ednez, eminente pol\u00edtico, jurista espa\u00f1ol y el mayor representante del movimiento intelectual conocido como regeneracionismo y quien fuera mejor conocido como el \u201cLe\u00f3n de Graus\u201d, elabor\u00f3 el programa de \u201cenunciados pol\u00edticos\u201d y en su oportunidad dijo: \u201cLa escuela ha de ser el hogar en donde el ni\u00f1o forme su esp\u00edritu. Proteged a la infancia y har\u00e9is fuerte al Pa\u00eds\u201d.<\/p>\n<p>Por todos los juristas es bien sabido que el menor de edad no puede ser abandonado de los abusos cometidos por los pederastas. Es indispensable que un gobierno inteligente y fuerte los rescate del sendero del mal y los gu\u00ede por las veredas del bienestar emocional, creando en su entorno todos los elementos indispensables para salvarlos.<\/p>\n<p>La Dra. Claudia Sheinbaum Pardo, debe ocuparse y preocuparse por los menores de edad que han sido v\u00edctimas de abuso sexual. Especial cuidado han de merecer los infantes que hayan sido abusados por alg\u00fan integrante de su familia. El Poder Ejecutivo Federal, debe adoptar las medidas necesarias a efecto de salvaguardarlos de los peligros emocionales, arranc\u00e1ndolos de ese entorno insalubre, alej\u00e1ndolos de aquella estirpe abusadora y viciosa.\u00a0 De ah\u00ed la imperiosa necesidad que la Presidenta Constitucional deba de ordenar el encarcelamiento de esos indignos por poderosos que sean o pretendan ser.<\/p>\n<p>Todas las gobernanzas del mundo se preocupan de los menores de edad. Cada Pa\u00eds, con menos o m\u00e1s eficacia, establecen normas de protecci\u00f3n para los menores ultrajados.<\/p>\n<p>En Suiza y de acuerdo con su tradici\u00f3n, que data desde 1291, la protecci\u00f3n a la infancia vejada se encuentra en plano muy importante.<\/p>\n<p>En B\u00e9lgica, a raz\u00f3n de la Ley de 1928, se estipul\u00f3 la protecci\u00f3n del Estado a favor de los menores abusados, por solo mencionar algunos pa\u00edses.<\/p>\n<p>En M\u00e9xico \u00bfDeber\u00eda seguir siendo permitido que padres abusadores con influencias pol\u00edticas contin\u00faen en libertad?<\/p>\n<p>Es cu\u00e1nto.<\/p>\n<p><img loading=\"lazy\" decoding=\"async\" class=\"alignnone wp-image-48634 size-full\" src=\"http:\/\/noticiasveracruz.com\/wp-content\/uploads\/2025\/01\/FIRMA-EDITORIAL-PD-5.jpg\" alt=\"\" width=\"1024\" height=\"125\" srcset=\"https:\/\/noticiasveracruz.com\/wp-content\/uploads\/2025\/01\/FIRMA-EDITORIAL-PD-5.jpg 1024w, https:\/\/noticiasveracruz.com\/wp-content\/uploads\/2025\/01\/FIRMA-EDITORIAL-PD-5-300x37.jpg 300w, https:\/\/noticiasveracruz.com\/wp-content\/uploads\/2025\/01\/FIRMA-EDITORIAL-PD-5-768x94.jpg 768w\" sizes=\"auto, (max-width: 1024px) 100vw, 1024px\" \/><\/p>\n","protected":false},"excerpt":{"rendered":"<p>En todos los Pa\u00edses de la Comunidad Internacional se plantea a los gobernantes el arduo problema de brindar una protecci\u00f3n<\/p>\n","protected":false},"author":4,"featured_media":39651,"comment_status":"closed","ping_status":"closed","sticky":false,"template":"","format":"standard","meta":{"colormag_page_container_layout":"default_layout","colormag_page_sidebar_layout":"default_layout","_jetpack_memberships_contains_paid_content":false,"footnotes":"","jetpack_publicize_message":"","jetpack_publicize_feature_enabled":true,"jetpack_social_post_already_shared":true,"jetpack_social_options":{"image_generator_settings":{"template":"highway","default_image_id":0,"font":"","enabled":false},"version":2}},"categories":[6],"tags":[],"class_list":["post-48633","post","type-post","status-publish","format-standard","has-post-thumbnail","hentry","category-columnistas"],"jetpack_publicize_connections":[],"jetpack_featured_media_url":"https:\/\/noticiasveracruz.com\/wp-content\/uploads\/2024\/09\/NV-ALBERTO-WOOLRICH-2.jpg","jetpack_sharing_enabled":true,"publishpress_future_action":{"enabled":false,"date":"2026-05-08 09:51:28","action":"change-status","newStatus":"draft","terms":[],"taxonomy":"category","extraData":[]},"publishpress_future_workflow_manual_trigger":{"enabledWorkflows":[]},"_links":{"self":[{"href":"https:\/\/noticiasveracruz.com\/index.php\/wp-json\/wp\/v2\/posts\/48633","targetHints":{"allow":["GET"]}}],"collection":[{"href":"https:\/\/noticiasveracruz.com\/index.php\/wp-json\/wp\/v2\/posts"}],"about":[{"href":"https:\/\/noticiasveracruz.com\/index.php\/wp-json\/wp\/v2\/types\/post"}],"author":[{"embeddable":true,"href":"https:\/\/noticiasveracruz.com\/index.php\/wp-json\/wp\/v2\/users\/4"}],"replies":[{"embeddable":true,"href":"https:\/\/noticiasveracruz.com\/index.php\/wp-json\/wp\/v2\/comments?post=48633"}],"version-history":[{"count":0,"href":"https:\/\/noticiasveracruz.com\/index.php\/wp-json\/wp\/v2\/posts\/48633\/revisions"}],"wp:featuredmedia":[{"embeddable":true,"href":"https:\/\/noticiasveracruz.com\/index.php\/wp-json\/wp\/v2\/media\/39651"}],"wp:attachment":[{"href":"https:\/\/noticiasveracruz.com\/index.php\/wp-json\/wp\/v2\/media?parent=48633"}],"wp:term":[{"taxonomy":"category","embeddable":true,"href":"https:\/\/noticiasveracruz.com\/index.php\/wp-json\/wp\/v2\/categories?post=48633"},{"taxonomy":"post_tag","embeddable":true,"href":"https:\/\/noticiasveracruz.com\/index.php\/wp-json\/wp\/v2\/tags?post=48633"}],"curies":[{"name":"wp","href":"https:\/\/api.w.org\/{rel}","templated":true}]}}