{"id":48629,"date":"2025-01-22T22:41:43","date_gmt":"2025-01-23T04:41:43","guid":{"rendered":"https:\/\/noticiasveracruz.com\/?p=48629"},"modified":"2025-01-22T22:41:43","modified_gmt":"2025-01-23T04:41:43","slug":"petrushka-de-stravinsky-y-concierto-para-piano-n-3-de-beethoven-osx","status":"publish","type":"post","link":"https:\/\/noticiasveracruz.com\/index.php\/2025\/01\/22\/petrushka-de-stravinsky-y-concierto-para-piano-n-3-de-beethoven-osx\/","title":{"rendered":"\u201cPetrushka\u201d de Stravinsky y Concierto para piano n.\u00b0 3 de Beethoven OSX"},"content":{"rendered":"<ul>\n<li>S\u00e9lim Mazari, pianista franc\u00e9s<\/li>\n<li>Martin Lebel, director titular\n<p>Xalapa, Ver. 21 de enero de 2025. La Orquesta Sinf\u00f3nica de Xalapa presenta en su segundo programa del a\u00f1o dos de las obras m\u00e1s esperadas por el p\u00fablico xalape\u00f1o tras a\u00f1os desde su \u00faltima presentaci\u00f3n: La fantasiosa obra que llev\u00f3 a la inmortalidad a Igor Stravinsky, \u201cPetrushka\u201d (versi\u00f3n 1947); y una de las m\u00e1s aclamadas composiciones en su repertorio, el Concierto para piano n.\u00b0 3 de Ludwig van Beethoven.<\/li>\n<\/ul>\n<p><img loading=\"lazy\" decoding=\"async\" class=\"alignnone size-medium wp-image-48630\" src=\"http:\/\/noticiasveracruz.com\/wp-content\/uploads\/2025\/01\/ENE_24-240x300.png\" alt=\"\" width=\"240\" height=\"300\" srcset=\"https:\/\/noticiasveracruz.com\/wp-content\/uploads\/2025\/01\/ENE_24-240x300.png 240w, https:\/\/noticiasveracruz.com\/wp-content\/uploads\/2025\/01\/ENE_24-819x1024.png 819w, https:\/\/noticiasveracruz.com\/wp-content\/uploads\/2025\/01\/ENE_24-768x960.png 768w, https:\/\/noticiasveracruz.com\/wp-content\/uploads\/2025\/01\/ENE_24-1229x1536.png 1229w, https:\/\/noticiasveracruz.com\/wp-content\/uploads\/2025\/01\/ENE_24-1638x2048.png 1638w\" sizes=\"auto, (max-width: 240px) 100vw, 240px\" \/><\/p>\n<p>Con la participaci\u00f3n destacada del pianista franc\u00e9s, S\u00e9lim Mazari, quien complacer\u00e1 a la audiencia veracruzana en dos fechas desde Tlaqn\u00e1. Bajo la batuta de Martin Lebel, director titular.<br \/>\nEste concierto se realizar\u00e1 el viernes 24 de enero de 2025 a las 20:00 h en Tlaqn\u00e1, Centro Cultural.<\/p>\n<p>El Concierto n.\u00b0 3 para piano y orquesta en do menor Op. 37 fue compuesto entre 1800 y 1803. Se estren\u00f3 en Viena el 5 de abril de 1803 con Ludwig van Beethoven al piano y fue dedicado para el pr\u00edncipe de Prusia Louis Ferdinand (1772 \u2013 1806). Seg\u00fan su alumno Ferdinand Ries, solo hubo un ensayo para el concierto entero porque el concierto no fue terminado hasta el d\u00eda del ensayo. Un concierto admirable del clasicismo con toques rom\u00e1nticos, de gran perfecci\u00f3n t\u00e9cnica. Denota una madurez durante una \u00e9poca de juventud en que todav\u00eda acariciaba la felicidad.<\/p>\n<p>Compuesta en 1911, \u201cPetrushka\u201d fue la obra que obra catapult\u00f3 la carrera de Stravinsky y le permiti\u00f3 dar rienda suelta a su creatividad y no estar limitado por las expectativas. La versi\u00f3n de concierto de \u201cPetrushka\u201d comprende cuatro cuadros, haciendo que el espectador imagine escenas de un libro de cuentos que cobran vida. El primero representa los \u00faltimos d\u00edas del carnaval de 1830 en San Petersburgo, el segundo cuadro evoca a Petrushka solo en una celda sombr\u00eda a trav\u00e9s de los alientos, el tercer cuadro representa a la bailarina y un chico malo consumando su amor y una burla al protagonista; siendo as\u00ed que el cuarto y \u00faltimo cuadro representa la persecuci\u00f3n y asesinato de Petrushka en una revelaci\u00f3n m\u00e1gica del mismo.<\/p>\n<p>S\u00e9lim Mazari, joven pianista franc\u00e9s, es considerado al d\u00eda de hoy uno de los mejores solistas de su generaci\u00f3n. Fue nominado a las \u00abVictoires de la Musique Classique 2018\u00bb en la categor\u00eda de j\u00f3venes solistas instrumentales. Nacido en 1992 en Garenne-Colombes, un suburbio de Par\u00eds, S\u00e9lim Mazari comenz\u00f3 a tocar el piano a los 5 a\u00f1os con una vecina de sus padres, Suzel Ginisty, alumno de la gran pianista Brigitte Engerer.<\/p>\n<p>Asiste a la Charla de Concierto previa a las 19:00 h desde la Sala Did\u00e1ctica de Tlaqn\u00e1, Centro Cultural. Este viernes con la presencia del ponente, el Mtro. Enrique Salmer\u00f3n, Acad\u00e9mico de la Universidad Veracruzana.<\/p>\n<p>Puedes comprar tus boletos en l\u00ednea en www.orquestasinfonicadexalapa.com, Tienda UV, Tienda UV Museo de Antropolog\u00eda y Taquilla Tlaqn\u00e1.<\/p>\n<p>Correo electr\u00f3nico: mercadotecnia.osx@gmail.com.<\/p>\n","protected":false},"excerpt":{"rendered":"<p>S\u00e9lim Mazari, pianista franc\u00e9s Martin Lebel, director titular Xalapa, Ver. 21 de enero de 2025. La Orquesta Sinf\u00f3nica de Xalapa<\/p>\n","protected":false},"author":4,"featured_media":48631,"comment_status":"closed","ping_status":"closed","sticky":false,"template":"","format":"standard","meta":{"colormag_page_container_layout":"default_layout","colormag_page_sidebar_layout":"default_layout","_jetpack_memberships_contains_paid_content":false,"footnotes":"","jetpack_publicize_message":"","jetpack_publicize_feature_enabled":true,"jetpack_social_post_already_shared":true,"jetpack_social_options":{"image_generator_settings":{"template":"highway","default_image_id":0,"font":"","enabled":false},"version":2}},"categories":[358,356],"tags":[],"class_list":["post-48629","post","type-post","status-publish","format-standard","has-post-thumbnail","hentry","category-cultura","category-veracruz"],"jetpack_publicize_connections":[],"jetpack_featured_media_url":"https:\/\/noticiasveracruz.com\/wp-content\/uploads\/2025\/01\/Mazari_-Selim_.jpg","jetpack_sharing_enabled":true,"publishpress_future_action":{"enabled":false,"date":"2026-05-07 23:58:57","action":"change-status","newStatus":"draft","terms":[],"taxonomy":"category","extraData":[]},"publishpress_future_workflow_manual_trigger":{"enabledWorkflows":[]},"_links":{"self":[{"href":"https:\/\/noticiasveracruz.com\/index.php\/wp-json\/wp\/v2\/posts\/48629","targetHints":{"allow":["GET"]}}],"collection":[{"href":"https:\/\/noticiasveracruz.com\/index.php\/wp-json\/wp\/v2\/posts"}],"about":[{"href":"https:\/\/noticiasveracruz.com\/index.php\/wp-json\/wp\/v2\/types\/post"}],"author":[{"embeddable":true,"href":"https:\/\/noticiasveracruz.com\/index.php\/wp-json\/wp\/v2\/users\/4"}],"replies":[{"embeddable":true,"href":"https:\/\/noticiasveracruz.com\/index.php\/wp-json\/wp\/v2\/comments?post=48629"}],"version-history":[{"count":0,"href":"https:\/\/noticiasveracruz.com\/index.php\/wp-json\/wp\/v2\/posts\/48629\/revisions"}],"wp:featuredmedia":[{"embeddable":true,"href":"https:\/\/noticiasveracruz.com\/index.php\/wp-json\/wp\/v2\/media\/48631"}],"wp:attachment":[{"href":"https:\/\/noticiasveracruz.com\/index.php\/wp-json\/wp\/v2\/media?parent=48629"}],"wp:term":[{"taxonomy":"category","embeddable":true,"href":"https:\/\/noticiasveracruz.com\/index.php\/wp-json\/wp\/v2\/categories?post=48629"},{"taxonomy":"post_tag","embeddable":true,"href":"https:\/\/noticiasveracruz.com\/index.php\/wp-json\/wp\/v2\/tags?post=48629"}],"curies":[{"name":"wp","href":"https:\/\/api.w.org\/{rel}","templated":true}]}}