{"id":48614,"date":"2025-01-23T00:16:29","date_gmt":"2025-01-23T06:16:29","guid":{"rendered":"https:\/\/noticiasveracruz.com\/?p=48614"},"modified":"2025-01-22T22:25:24","modified_gmt":"2025-01-23T04:25:24","slug":"heladas-congelan-70-hectareas-de-sorgo-y-otros-cultivos-en-tamaulipas","status":"publish","type":"post","link":"https:\/\/noticiasveracruz.com\/index.php\/2025\/01\/23\/heladas-congelan-70-hectareas-de-sorgo-y-otros-cultivos-en-tamaulipas\/","title":{"rendered":"Heladas congelan 70 hect\u00e1reas de sorgo y otros cultivos en Tamaulipas"},"content":{"rendered":"<p>M\u00e1s de 70 hect\u00e1reas de sorgo se congelaron por bajas temperaturas en el valle de San Fernando. Asimismo, en los municipios fronterizos los canales de riego se congelaron y los sembrad\u00edos se quemaron por el fr\u00edo; los c\u00edtricos y las hortalizas tambi\u00e9n resultaron afectados.<\/p>\n<p>Antonio Varela Flores, secretario de desarrollo rural, pesca y acuacultura, minimiz\u00f3 los da\u00f1os.<\/p>\n<p>Los citricultores tambi\u00e9n reportaron afectaciones en las plantaciones de lim\u00f3n italiano en los municipios Hidalgo, Padilla, G\u00fc\u00e9mez y Ciudad Victoria, donde esperan que suba la temperatura para cuantificar los da\u00f1os.<\/p>\n<p>Debido a las rachas de viento, un puente colaps\u00f3 en los l\u00edmites de Madero y Tampico.<\/p>\n<p>Productores del sector ganadero reportaron da\u00f1os en sus potreros, donde las bajas temperaturas quemaron pastizales. Rub\u00e9n L\u00f3pez Acevedo, secretario de la Uni\u00f3n Ganadera Regional de Tamaulipas y productor pecuario en el municipio de G\u00fcemez, se\u00f1al\u00f3 que hac\u00eda d\u00e9cadas que no hab\u00eda pastizales verdes durante el mes de enero, pero la tormenta invernal arras\u00f3 con la comida para el ganado.<\/p>\n<p>\u201cImag\u00ednate tenemos cerrada la frontera, no podemos exportar nuestro ganado en pie a Estados Unidos, fuimos a Coahuila para ver las condiciones para cruzar el ganado, y con una helada a principios de a\u00f1o, s\u00ed que tenemos un panorama dif\u00edcil\u201d.<\/p>\n<p>Mart\u00edn Carre\u00f3n Santos, agricultor de la colonia agr\u00edcola Francisco Gonz\u00e1lez Villarreal del municipio de San Fernando, dijo que los cultivos tienen un mes de haber sido sembrados, coment\u00f3 que por los pron\u00f3sticos del tiempo la actividad agr\u00edcola seguir\u00e1 afectada.<\/p>\n<p>\u201cEn estos tiempos los que pudi\u00e9ramos sembrar de nuevo no tenemos condiciones ni clim\u00e1ticas, ni econ\u00f3micas, actualmente cuando no hay sorgo en nuestros predios; el precio de la tonelada se cotiza en 4,500 pesos la tonelada, pero hay incertidumbre sobre el precio en mayo y junio del 2025\u201d.<\/p>\n<p>Praxedis Guajardo Reyna, alcalde de Hidalgo, dijo que la temperatura afect\u00f3 la regi\u00f3n naranjera de Santa Engracia, lo mismo que las hortalizas que se cosechan en la cabecera municipal.<\/p>\n","protected":false},"excerpt":{"rendered":"<p>M\u00e1s de 70 hect\u00e1reas de sorgo se congelaron por bajas temperaturas en el valle de San Fernando. Asimismo, en los<\/p>\n","protected":false},"author":4,"featured_media":48615,"comment_status":"closed","ping_status":"closed","sticky":false,"template":"","format":"standard","meta":{"colormag_page_container_layout":"default_layout","colormag_page_sidebar_layout":"default_layout","_jetpack_memberships_contains_paid_content":false,"footnotes":"","jetpack_publicize_message":"","jetpack_publicize_feature_enabled":true,"jetpack_social_post_already_shared":true,"jetpack_social_options":{"image_generator_settings":{"template":"highway","default_image_id":0,"font":"","enabled":false},"version":2}},"categories":[145],"tags":[],"class_list":["post-48614","post","type-post","status-publish","format-standard","has-post-thumbnail","hentry","category-estados"],"jetpack_publicize_connections":[],"jetpack_featured_media_url":"https:\/\/noticiasveracruz.com\/wp-content\/uploads\/2025\/01\/hel.jpg","jetpack_sharing_enabled":true,"publishpress_future_action":{"enabled":false,"date":"2026-05-10 02:29:39","action":"change-status","newStatus":"draft","terms":[],"taxonomy":"category","extraData":[]},"publishpress_future_workflow_manual_trigger":{"enabledWorkflows":[]},"_links":{"self":[{"href":"https:\/\/noticiasveracruz.com\/index.php\/wp-json\/wp\/v2\/posts\/48614","targetHints":{"allow":["GET"]}}],"collection":[{"href":"https:\/\/noticiasveracruz.com\/index.php\/wp-json\/wp\/v2\/posts"}],"about":[{"href":"https:\/\/noticiasveracruz.com\/index.php\/wp-json\/wp\/v2\/types\/post"}],"author":[{"embeddable":true,"href":"https:\/\/noticiasveracruz.com\/index.php\/wp-json\/wp\/v2\/users\/4"}],"replies":[{"embeddable":true,"href":"https:\/\/noticiasveracruz.com\/index.php\/wp-json\/wp\/v2\/comments?post=48614"}],"version-history":[{"count":0,"href":"https:\/\/noticiasveracruz.com\/index.php\/wp-json\/wp\/v2\/posts\/48614\/revisions"}],"wp:featuredmedia":[{"embeddable":true,"href":"https:\/\/noticiasveracruz.com\/index.php\/wp-json\/wp\/v2\/media\/48615"}],"wp:attachment":[{"href":"https:\/\/noticiasveracruz.com\/index.php\/wp-json\/wp\/v2\/media?parent=48614"}],"wp:term":[{"taxonomy":"category","embeddable":true,"href":"https:\/\/noticiasveracruz.com\/index.php\/wp-json\/wp\/v2\/categories?post=48614"},{"taxonomy":"post_tag","embeddable":true,"href":"https:\/\/noticiasveracruz.com\/index.php\/wp-json\/wp\/v2\/tags?post=48614"}],"curies":[{"name":"wp","href":"https:\/\/api.w.org\/{rel}","templated":true}]}}