{"id":48611,"date":"2025-01-23T00:15:12","date_gmt":"2025-01-23T06:15:12","guid":{"rendered":"https:\/\/noticiasveracruz.com\/?p=48611"},"modified":"2025-01-22T22:23:12","modified_gmt":"2025-01-23T04:23:12","slug":"estudiantes-de-monterrey-juntan-firmas-contra-aumento-a-tarifas-del-transporte","status":"publish","type":"post","link":"https:\/\/noticiasveracruz.com\/index.php\/2025\/01\/23\/estudiantes-de-monterrey-juntan-firmas-contra-aumento-a-tarifas-del-transporte\/","title":{"rendered":"Estudiantes de Monterrey juntan firmas contra aumento a tarifas del transporte"},"content":{"rendered":"<p>Ante el incremento en las tarifas de 12 a 17 pesos en el transporte urbano en Nuevo Le\u00f3n, estudiantes de la Universidad Aut\u00f3noma del mismo estado realizaron una jornada de recolecci\u00f3n de firmas para tramitar un amparo colectivo contra los aumentos.<\/p>\n<p>Los alumnos de la UANL se congregaron para firmar las hojas de amparos colectivos en los campus de la instituci\u00f3n: Ciudad Universitaria, Mederos y Campus de la Salud; la convocatoria se hizo a trav\u00e9s de redes sociales desde la cuenta de Instagram @resistencias_uanl.<\/p>\n<p>\u201cSe trata de un incremento regresivo, ilegal, inconstitucional y excesivo que nos perjudica a todxs lxs usuarixs, al impedir que podamos ejercer nuestro derecho a la movilidad, al transporte p\u00fablico y a la ciudad\u201d, se\u00f1alaron en la convocatoria.<\/p>\n<p>El tr\u00e1mite legal del amparo, de acuerdo con informaci\u00f3n compartida por Jorge, uno de los estudiantes organizadores de la recolecci\u00f3n de firmas, se realiza con el apoyo de la influencer y abogada Carla Escoffi\u00e9; y tiene el fin de preservar el derecho que tienen los estudiantes a la movilidad; a ra\u00edz de los recientes aumentos a la tarifa del transporte p\u00fablico en Nuevo Le\u00f3n.<\/p>\n<p>El Instituto de Movilidad y Accesibilidad de Nuevo Le\u00f3n aprob\u00f3 el incremento a la tarifa del transporte p\u00fablico que los usuarios del mismo r\u00e1pidamente bautizaron como \u201ctarifazo\u201d donde se establece el aumento de 12 a 17 pesos en el precio del cami\u00f3n a trav\u00e9s de lo que la junta de movilidad llam\u00f3 un \u201cdeslizamiento mensual\u201d de diez centavos desde la fecha de publicaci\u00f3n del decreto hasta el mes de agosto del 2026.<\/p>\n<p>El incremento se aprob\u00f3 en junta de gobierno del instituto el 03 de enero del 2025 y fue publicado el d\u00eda 05 del mismo mes en el Peri\u00f3dico Oficial del Estado. En el decreto tambi\u00e9n se contempl\u00f3 una pol\u00edtica tarifaria para el transporte p\u00fablico de pasajeros en modalidades de l\u00edneas del metro y rutas de transmetro.<\/p>\n<p>En el decreto se establecen igualmente los descuentos por transbordo en el segundo y tercer ascenso y subsecuentes; por el 50 por ciento de descuento y el 100% respectivamente, solamente para medios de pagos electr\u00f3nicos aprobados por el Sistema de Transporte Colectivo Metrorrey; dentro de los primeros 100 minutos contados a partir de la hora de transacci\u00f3n efectuada electr\u00f3nicamente en el primer ascenso.<\/p>\n","protected":false},"excerpt":{"rendered":"<p>Ante el incremento en las tarifas de 12 a 17 pesos en el transporte urbano en Nuevo Le\u00f3n, estudiantes de<\/p>\n","protected":false},"author":4,"featured_media":48612,"comment_status":"closed","ping_status":"closed","sticky":false,"template":"","format":"standard","meta":{"colormag_page_container_layout":"default_layout","colormag_page_sidebar_layout":"default_layout","_jetpack_memberships_contains_paid_content":false,"footnotes":"","jetpack_publicize_message":"","jetpack_publicize_feature_enabled":true,"jetpack_social_post_already_shared":true,"jetpack_social_options":{"image_generator_settings":{"template":"highway","default_image_id":0,"font":"","enabled":false},"version":2}},"categories":[145],"tags":[],"class_list":["post-48611","post","type-post","status-publish","format-standard","has-post-thumbnail","hentry","category-estados"],"jetpack_publicize_connections":[],"jetpack_featured_media_url":"https:\/\/noticiasveracruz.com\/wp-content\/uploads\/2025\/01\/est.jpg","jetpack_sharing_enabled":true,"publishpress_future_action":{"enabled":false,"date":"2026-05-10 05:41:51","action":"change-status","newStatus":"draft","terms":[],"taxonomy":"category","extraData":[]},"publishpress_future_workflow_manual_trigger":{"enabledWorkflows":[]},"_links":{"self":[{"href":"https:\/\/noticiasveracruz.com\/index.php\/wp-json\/wp\/v2\/posts\/48611","targetHints":{"allow":["GET"]}}],"collection":[{"href":"https:\/\/noticiasveracruz.com\/index.php\/wp-json\/wp\/v2\/posts"}],"about":[{"href":"https:\/\/noticiasveracruz.com\/index.php\/wp-json\/wp\/v2\/types\/post"}],"author":[{"embeddable":true,"href":"https:\/\/noticiasveracruz.com\/index.php\/wp-json\/wp\/v2\/users\/4"}],"replies":[{"embeddable":true,"href":"https:\/\/noticiasveracruz.com\/index.php\/wp-json\/wp\/v2\/comments?post=48611"}],"version-history":[{"count":0,"href":"https:\/\/noticiasveracruz.com\/index.php\/wp-json\/wp\/v2\/posts\/48611\/revisions"}],"wp:featuredmedia":[{"embeddable":true,"href":"https:\/\/noticiasveracruz.com\/index.php\/wp-json\/wp\/v2\/media\/48612"}],"wp:attachment":[{"href":"https:\/\/noticiasveracruz.com\/index.php\/wp-json\/wp\/v2\/media?parent=48611"}],"wp:term":[{"taxonomy":"category","embeddable":true,"href":"https:\/\/noticiasveracruz.com\/index.php\/wp-json\/wp\/v2\/categories?post=48611"},{"taxonomy":"post_tag","embeddable":true,"href":"https:\/\/noticiasveracruz.com\/index.php\/wp-json\/wp\/v2\/tags?post=48611"}],"curies":[{"name":"wp","href":"https:\/\/api.w.org\/{rel}","templated":true}]}}