{"id":48546,"date":"2025-01-22T00:21:42","date_gmt":"2025-01-22T06:21:42","guid":{"rendered":"https:\/\/noticiasveracruz.com\/?p=48546"},"modified":"2025-01-21T22:19:00","modified_gmt":"2025-01-22T04:19:00","slug":"la-mejor-gobernadora-de-mexico","status":"publish","type":"post","link":"https:\/\/noticiasveracruz.com\/index.php\/2025\/01\/22\/la-mejor-gobernadora-de-mexico\/","title":{"rendered":"La mejor Gobernadora de M\u00e9xico"},"content":{"rendered":"<p><em>\u201cLa clave de un buen gobierno se basa en la honestidad.\u201d \u2013 Thomas Jefferson.<\/em><\/p>\n<p><strong>\u00a0<\/strong><strong>Mientras la Gobernadora de Veracruz, Roc\u00edo Nahle Garc\u00eda se encuentra en Madrid, Espa\u00f1a una reconocida casa encuestadora \u2013Arias Consultores- ha dado a conocer el resultado de su \u00faltima medici\u00f3n respecto a la calificaci\u00f3n que mantienen por aprobaci\u00f3n ciudadana los 32 Gobernadores del pa\u00eds.<\/strong><\/p>\n<p><strong>Para regocijo de muchos, sorpresa de pocos y retorcijones de sus malquerientes, la mandataria veracruzana ocupa la primera posici\u00f3n en el nivel de aprobaci\u00f3n de entre sus pares.<\/strong><\/p>\n<p><strong>Queda claro que en 53 d\u00edas de gobierno es imposible tener un par\u00e1metro confiable de ese resultado, m\u00e1s cuando el mismo se da tras su llegada al encargo y la salida de Cuitl\u00e1huac Garc\u00eda Jim\u00e9nez quien lamentablemente desperdici\u00f3 seis a\u00f1os para ganar la confianza de la poblaci\u00f3n, la cual confi\u00f3 en \u00e9l y este absurdamente desatendi\u00f3, generando una animadversi\u00f3n social, que qued\u00f3 confirmada el mismo d\u00eda de su salida del Palacio Legislativo de la Calle Encanto, donde nadie le aplaudi\u00f3 y se tuvo que ir casi, casi por la puerta de atr\u00e1s.<\/strong><\/p>\n<p><img loading=\"lazy\" decoding=\"async\" class=\"alignnone size-medium wp-image-48548\" src=\"http:\/\/noticiasveracruz.com\/wp-content\/uploads\/2025\/01\/WhatsApp-Image-2025-01-21-at-7.00.25-PM-232x300.jpeg\" alt=\"\" width=\"232\" height=\"300\" srcset=\"https:\/\/noticiasveracruz.com\/wp-content\/uploads\/2025\/01\/WhatsApp-Image-2025-01-21-at-7.00.25-PM-232x300.jpeg 232w, https:\/\/noticiasveracruz.com\/wp-content\/uploads\/2025\/01\/WhatsApp-Image-2025-01-21-at-7.00.25-PM-791x1024.jpeg 791w, https:\/\/noticiasveracruz.com\/wp-content\/uploads\/2025\/01\/WhatsApp-Image-2025-01-21-at-7.00.25-PM-768x994.jpeg 768w, https:\/\/noticiasveracruz.com\/wp-content\/uploads\/2025\/01\/WhatsApp-Image-2025-01-21-at-7.00.25-PM-1187x1536.jpeg 1187w, https:\/\/noticiasveracruz.com\/wp-content\/uploads\/2025\/01\/WhatsApp-Image-2025-01-21-at-7.00.25-PM.jpeg 1236w\" sizes=\"auto, (max-width: 232px) 100vw, 232px\" \/><\/p>\n<p><strong>La antipat\u00eda ganada por Cuitl\u00e1huac Garc\u00eda era inmensamente proporcional al nivel de indiferencia que \u00e9l mismo gener\u00f3 por su insensibilidad social, y la falta de tacto de muchos de sus colaboradores. Algunos incluso han sido borrados de la historia reciente de Veracruz, para nunca m\u00e1s volver, como el caso de un tal Patrocinio de negro recuerdo.<\/strong><\/p>\n<p><strong>Pero si nos adentramos en estos primeros d\u00edas de gobierno, la realidad es que la sociedad tiene claro que la llegada de Nahle Garc\u00eda si marca un antes y un despu\u00e9s en el quehacer de la cosa p\u00fablica.<\/strong><\/p>\n<p><strong>Por principio de cuenta, la mandataria ha dado prioridad al orden administrativo, centr\u00f3 todos sus esfuerzos en un proceso de simplificaci\u00f3n de tr\u00e1mites y la digitalizaci\u00f3n de los mismos que pr\u00f3ximamente se dar\u00e1 a conocer, permitiendo con ello, la realizaci\u00f3n, cobro, pago y dem\u00e1s funciones que la burocracia hab\u00eda impuesto para el pleno cumplimiento de las operaciones gubernamentales.<\/strong><\/p>\n<p><strong>A su vez, la gobernadora ha tomado el control de asuntos como la seguridad que en otro momento el mandatario en funciones deleg\u00f3 en manos de un pseudo defensor de la negritud \u2013m\u00e1s traumado y rencoroso- que hoy paga con el exilio su traici\u00f3n y m\u00f3rbida derrota, provocando que Veracruz fuera presa de bandas del crimen organizado, a las cuales incluso se le asoci\u00f3.<\/strong><\/p>\n<p><strong>Pero hoy la mandataria con ayuda de fuerzas federales -Sedena. Semar, Guardia Nacional- y la actual Secretar\u00eda de Seguridad P\u00fablica ejecuta acciones para inhibir la incidencia delictiva y los hechos generadores de violencia en la entidad.<\/strong><\/p>\n<p><strong>Operativos en el norte, centro, sur de la entidad son la evidencia de que se trabaja en la prevenci\u00f3n del delito y en la desarticulaci\u00f3n de actores generadores de violencia.<\/strong><\/p>\n<p><strong>A la par, ha puesto en operaci\u00f3n el Programa de Camionetitas de la Salud, con los que se pretende acabar con el rezago en materia de suministro de medicamentos a las cl\u00ednicas y hospitales de la Secretar\u00eda de Salud, beneficiando a las regiones m\u00e1s inaccesibles del Estado.<\/strong><\/p>\n<p><strong>Por su parte, el Programa Abrigando Corazones en donde diversas dependencias han estado colaborando de manera humana y decidida para acercarse a las comunidades m\u00e1s fr\u00edas y apartadas de la entidad con el objeto de brindar cobijo, alimento, medicamentos y todos los apoyos que sean necesarios para atenderlos en esta temporada invernal.<\/strong><\/p>\n<p><strong>De igual manera la titular del Ejecutivo anunci\u00f3 la renovaci\u00f3n del parque vehicular del transporte p\u00fablico en la entidad, en una alianza con la empresa Yutong, especializada en la fabricaci\u00f3n de autobuses el\u00e9ctricos e h\u00edbridos, as\u00ed como con concesionarios del transporte p\u00fablico de la zona conurbada.<\/strong><\/p>\n<p><strong>Anunci\u00f3 la reestructuraci\u00f3n de la Direcci\u00f3n de Tr\u00e1nsito y Transporte, donde de entrada acab\u00f3 con el coyotaje y la corrupci\u00f3n que imperaba en la dependencia, m\u00e1s cuando la colusi\u00f3n con los empresarios grueros y grupos criminales estaba m\u00e1s que comprobada.<\/strong><\/p>\n<p><strong>Quiz\u00e1 por ello lidera la lista de aprobaci\u00f3n general de los 32 mandatarios mexicanos actualmente en funciones con un s\u00f3lido 53.7 por ciento de aprobaci\u00f3n de acuerdo a la encuesta realizada por Arias Consultores.<\/strong><\/p>\n<p><strong>Destaca que obtuvo el primer lugar en la percepci\u00f3n de la positiva relaci\u00f3n con la presidenta Claudia Sheinbaum Pardo, con un notable 72.7 por ciento. <\/strong><\/p>\n<p><strong>Seg\u00fan refiere la misma empresa demosc\u00f3pica, Nahle Garc\u00eda se ubic\u00f3 en los tres primeros lugares en el rubro de confianza ciudadana al alcanzar 63 por ciento de preferencia pues la poblaci\u00f3n la considera una l\u00edder honesta y transparente.<\/strong><\/p>\n<p><strong>Asimismo, es de las mejores evaluadas en materia de entrega de apoyos a sectores vulnerables con 51.9 por ciento conforme con la implementaci\u00f3n del programa Abrigando Corazones que atiende a las comunidades m\u00e1s desprotegidas.<\/strong><\/p>\n<p><strong>En cuanto a servicios de salud, obtuvo 38.4 por ciento de aceptaci\u00f3n, reflejo de iniciativas como el programa Camionetitas de la Salud, puesto en marcha en diciembre pasado.<\/strong><\/p>\n<p><strong>As\u00ed la lista de acciones positivas, mismas que ha ido informando pormenorizadamente en sus redes sociales, en entrevista puntual cada lunes -con este reportero- y en medios tradicionales.<\/strong><\/p>\n<p><strong>Esta es la segunda encuesta que posiciona a Roc\u00edo Nahle como la mejor evaluada entre sus hom\u00f3logos a nivel nacional.<\/strong><\/p>\n<p><strong>Para orgullo de los veracruzanos, poco a poco, la primera mujer gobernadora de Veracruz est\u00e1 poniendo de moda a la entidad.<\/strong><\/p>\n<p><strong>\u00a0<\/strong><strong>Al tiempo.<\/strong><\/p>\n<p><img loading=\"lazy\" decoding=\"async\" class=\"alignnone wp-image-48361 size-full\" src=\"http:\/\/noticiasveracruz.com\/wp-content\/uploads\/2025\/01\/FIRMA-EDITORIAL-PD-4.jpg\" alt=\"\" width=\"1024\" height=\"125\" srcset=\"https:\/\/noticiasveracruz.com\/wp-content\/uploads\/2025\/01\/FIRMA-EDITORIAL-PD-4.jpg 1024w, https:\/\/noticiasveracruz.com\/wp-content\/uploads\/2025\/01\/FIRMA-EDITORIAL-PD-4-300x37.jpg 300w, https:\/\/noticiasveracruz.com\/wp-content\/uploads\/2025\/01\/FIRMA-EDITORIAL-PD-4-768x94.jpg 768w\" sizes=\"auto, (max-width: 1024px) 100vw, 1024px\" \/><\/p>\n","protected":false},"excerpt":{"rendered":"<p>\u201cLa clave de un buen gobierno se basa en la honestidad.\u201d \u2013 Thomas Jefferson. \u00a0Mientras la Gobernadora de Veracruz, Roc\u00edo<\/p>\n","protected":false},"author":4,"featured_media":30989,"comment_status":"closed","ping_status":"closed","sticky":false,"template":"","format":"standard","meta":{"colormag_page_container_layout":"default_layout","colormag_page_sidebar_layout":"default_layout","_jetpack_memberships_contains_paid_content":false,"footnotes":"","jetpack_publicize_message":"","jetpack_publicize_feature_enabled":true,"jetpack_social_post_already_shared":true,"jetpack_social_options":{"image_generator_settings":{"template":"highway","default_image_id":0,"font":"","enabled":false},"version":2}},"categories":[6],"tags":[],"class_list":["post-48546","post","type-post","status-publish","format-standard","has-post-thumbnail","hentry","category-columnistas"],"jetpack_publicize_connections":[],"jetpack_featured_media_url":"https:\/\/noticiasveracruz.com\/wp-content\/uploads\/2024\/05\/LUIS-RAMIREZ-BAQUEIRO-800x445-1.png","jetpack_sharing_enabled":true,"publishpress_future_action":{"enabled":false,"date":"2026-05-08 03:59:34","action":"change-status","newStatus":"draft","terms":[],"taxonomy":"category","extraData":[]},"publishpress_future_workflow_manual_trigger":{"enabledWorkflows":[]},"_links":{"self":[{"href":"https:\/\/noticiasveracruz.com\/index.php\/wp-json\/wp\/v2\/posts\/48546","targetHints":{"allow":["GET"]}}],"collection":[{"href":"https:\/\/noticiasveracruz.com\/index.php\/wp-json\/wp\/v2\/posts"}],"about":[{"href":"https:\/\/noticiasveracruz.com\/index.php\/wp-json\/wp\/v2\/types\/post"}],"author":[{"embeddable":true,"href":"https:\/\/noticiasveracruz.com\/index.php\/wp-json\/wp\/v2\/users\/4"}],"replies":[{"embeddable":true,"href":"https:\/\/noticiasveracruz.com\/index.php\/wp-json\/wp\/v2\/comments?post=48546"}],"version-history":[{"count":0,"href":"https:\/\/noticiasveracruz.com\/index.php\/wp-json\/wp\/v2\/posts\/48546\/revisions"}],"wp:featuredmedia":[{"embeddable":true,"href":"https:\/\/noticiasveracruz.com\/index.php\/wp-json\/wp\/v2\/media\/30989"}],"wp:attachment":[{"href":"https:\/\/noticiasveracruz.com\/index.php\/wp-json\/wp\/v2\/media?parent=48546"}],"wp:term":[{"taxonomy":"category","embeddable":true,"href":"https:\/\/noticiasveracruz.com\/index.php\/wp-json\/wp\/v2\/categories?post=48546"},{"taxonomy":"post_tag","embeddable":true,"href":"https:\/\/noticiasveracruz.com\/index.php\/wp-json\/wp\/v2\/tags?post=48546"}],"curies":[{"name":"wp","href":"https:\/\/api.w.org\/{rel}","templated":true}]}}