{"id":48537,"date":"2025-01-22T00:18:57","date_gmt":"2025-01-22T06:18:57","guid":{"rendered":"https:\/\/noticiasveracruz.com\/?p=48537"},"modified":"2025-01-21T22:08:58","modified_gmt":"2025-01-22T04:08:58","slug":"empezaron-las-redadas-antimigrantes-afirma-zar-fronterizo-de-eu","status":"publish","type":"post","link":"https:\/\/noticiasveracruz.com\/index.php\/2025\/01\/22\/empezaron-las-redadas-antimigrantes-afirma-zar-fronterizo-de-eu\/","title":{"rendered":"Empezaron las redadas antimigrantes, afirma zar fronterizo de EU"},"content":{"rendered":"<p>Agentes del Servicio de Inmigraci\u00f3n (ICE) han empezado a arrestar a inmigrantes este mates como primer paso al esfuerzo de deportaciones masivas, inform\u00f3 el \u201c<em>zar<\/em>\u00a0fronterizo\u201d, Tom Homan, a varios medios, pocas horas despu\u00e9s de que el presidente Donald Trump firm\u00f3 nuevas \u00f3rdenes para ampliar los centros de detenci\u00f3n, atacar a ciudades que ofrecen \u201csantuario\u201d para inmigrantes indocumentados y amenazar con ingresar a escuelas, iglesias y hospitales para cazar a indocumentados.<\/p>\n<p>\u201cEquipos del ICE est\u00e1n all\u00e1 fuera hoy\u201d, declar\u00f3 Homan en entrevista con Fox News, se\u00f1alando que todas las 25 oficinas regionales de esa agencia federal est\u00e1n desarrollando una \u201clista de objetivos\u201d que dan prioridad a perseguir a inmigrantes indocumentados que han cometido delitos. Aunque no se ha reportado p\u00fablicamente de redadas particulares, el gobierno de Trump tambi\u00e9n procedi\u00f3 a desarrollar la infraestructura que necesitar\u00e1 para cumplir con la promesa de Trump de deportar a \u201cmillones y millones de extranjeros criminales a sus pa\u00edses de origen\u201d.<\/p>\n<p>El nuevo gobierno tambi\u00e9n est\u00e1 removiendo obst\u00e1culos a sus operativos de detenci\u00f3n y deportaci\u00f3n. Ya tarde el lunes, el Departamento de Seguridad Interna emiti\u00f3 un memor\u00e1ndum anulando restricciones impuestas desde hace una d\u00e9cada a agentes federales de migraci\u00f3n prohibiendo que realicen arrestos y otras operaciones en \u201clugares delicados\u201d como escuelas, iglesias y hospitales. \u201cCriminales ya no podr\u00e1n esconderse en las escuelas e iglesias estadunidenses\u201d, declar\u00f3 el Departamento de Seguridad Interna en un comunicado este martes.<\/p>\n<p>Una de las \u00f3rdenes ejecutivas firmadas por Trump el lunes, tambi\u00e9n instruye a su gobierno a negar acceso a financiamiento federal a ciudades que se han declarado \u201csantuarios\u201d con medidas para proteger los derechos de inmigrantes como prohibiciones a la cooperaci\u00f3n con autoridades federales en la persecuci\u00f3n de inmigrantes.<\/p>\n<p>Todas estas medidas, entre otras, ser\u00e1n confrontadas legalmente en los tribunales, pero su objetivo fue expl\u00edcito en una de las \u00f3rdenes ejecutivas que ordena el desarrollo de \u201cpol\u00edticas y procedimientos para instar a que extranjeros que est\u00e1n ilegalmente en Estados Unidos salgan de manera voluntaria lo m\u00e1s pronto posible\u201d -o sea, fomentar la autodeportaci\u00f3n.<\/p>\n<p>John Sandweg, quien fue director de ICE durante parte del gobierno de Barack Obama, dijo que las \u00f3rdenes m\u00e1s sorprendentes son las que expanden el papel de las fuerzas armadas de Estados Unidos. \u201cSe puede ver el trabajo preparatorio para sentar las bases para el esfuerzo de las deportaciones masivas\u201d, declar\u00f3 a CNN. En particular, resalt\u00f3 la orden que dirige al secretario de Defensa a \u201cfacilitar las necesidades operativas del secretario de Seguridad Interna en la frontera sure\u00f1a, incluyendo ofrecer espacio de detenci\u00f3n apropiado, transporte (incluyendo aviones) y otros servicios log\u00edsticos en apoyo a las operaciones de aplicaci\u00f3n de la ley controlados por civiles\u201d.<\/p>\n","protected":false},"excerpt":{"rendered":"<p>Agentes del Servicio de Inmigraci\u00f3n (ICE) han empezado a arrestar a inmigrantes este mates como primer paso al esfuerzo de<\/p>\n","protected":false},"author":4,"featured_media":48538,"comment_status":"closed","ping_status":"closed","sticky":false,"template":"","format":"standard","meta":{"colormag_page_container_layout":"default_layout","colormag_page_sidebar_layout":"default_layout","_jetpack_memberships_contains_paid_content":false,"footnotes":"","jetpack_publicize_message":"","jetpack_publicize_feature_enabled":true,"jetpack_social_post_already_shared":true,"jetpack_social_options":{"image_generator_settings":{"template":"highway","default_image_id":0,"font":"","enabled":false},"version":2}},"categories":[355],"tags":[],"class_list":["post-48537","post","type-post","status-publish","format-standard","has-post-thumbnail","hentry","category-internacional"],"jetpack_publicize_connections":[],"jetpack_featured_media_url":"https:\/\/noticiasveracruz.com\/wp-content\/uploads\/2025\/01\/descarga-1-2.jpg","jetpack_sharing_enabled":true,"publishpress_future_action":{"enabled":false,"date":"2026-05-08 06:32:10","action":"change-status","newStatus":"draft","terms":[],"taxonomy":"category","extraData":[]},"publishpress_future_workflow_manual_trigger":{"enabledWorkflows":[]},"_links":{"self":[{"href":"https:\/\/noticiasveracruz.com\/index.php\/wp-json\/wp\/v2\/posts\/48537","targetHints":{"allow":["GET"]}}],"collection":[{"href":"https:\/\/noticiasveracruz.com\/index.php\/wp-json\/wp\/v2\/posts"}],"about":[{"href":"https:\/\/noticiasveracruz.com\/index.php\/wp-json\/wp\/v2\/types\/post"}],"author":[{"embeddable":true,"href":"https:\/\/noticiasveracruz.com\/index.php\/wp-json\/wp\/v2\/users\/4"}],"replies":[{"embeddable":true,"href":"https:\/\/noticiasveracruz.com\/index.php\/wp-json\/wp\/v2\/comments?post=48537"}],"version-history":[{"count":0,"href":"https:\/\/noticiasveracruz.com\/index.php\/wp-json\/wp\/v2\/posts\/48537\/revisions"}],"wp:featuredmedia":[{"embeddable":true,"href":"https:\/\/noticiasveracruz.com\/index.php\/wp-json\/wp\/v2\/media\/48538"}],"wp:attachment":[{"href":"https:\/\/noticiasveracruz.com\/index.php\/wp-json\/wp\/v2\/media?parent=48537"}],"wp:term":[{"taxonomy":"category","embeddable":true,"href":"https:\/\/noticiasveracruz.com\/index.php\/wp-json\/wp\/v2\/categories?post=48537"},{"taxonomy":"post_tag","embeddable":true,"href":"https:\/\/noticiasveracruz.com\/index.php\/wp-json\/wp\/v2\/tags?post=48537"}],"curies":[{"name":"wp","href":"https:\/\/api.w.org\/{rel}","templated":true}]}}