{"id":4853,"date":"2022-05-31T06:00:04","date_gmt":"2022-05-31T11:00:04","guid":{"rendered":"https:\/\/noticiasveracruz.com\/?p=4853"},"modified":"2022-05-31T10:54:04","modified_gmt":"2022-05-31T15:54:04","slug":"reconocen-labor-de-susana-landeros","status":"publish","type":"post","link":"https:\/\/noticiasveracruz.com\/index.php\/2022\/05\/31\/reconocen-labor-de-susana-landeros\/","title":{"rendered":"Reconocen labor de Susana Landeros"},"content":{"rendered":"<p class=\"p1\">\n<p class=\"p1\"><span style=\"font-size: 14pt;\"><em><strong>Morelos.<\/strong> <\/em>En el marco de la <strong>clausura de la exposici\u00f3n \u201cMujeres Horizontes\u201d<\/strong>, conformada por obras del maestro oaxaque\u00f1o Rolando Rojas, en la Galer\u00eda Sixtos, de Tepotzotl\u00e1n, se reconoci\u00f3 la trayectoria de <strong>Susana Landeros Cort\u00e9s<\/strong>, presidenta de la<strong> Fundaci\u00f3n Fertilizando el Esfuerzo<\/strong>, por su destacada labor en el Estado de M\u00e9xico.<\/span><\/p>\n<p class=\"p1\"><span style=\"font-size: 18pt;\"><strong>Susana Landeros Cort\u00e9s se ha distinguido por la pasi\u00f3n por el altruismo y el impulso a los emprendedores, principalmente a las mujeres y los j\u00f3venes, en esta ocasi\u00f3n no pudo asistir a recibir su reconocimiento por tener problemas de salud, en su lugar asisti\u00f3 su hermana Ericka Beatriz Landeros Cort\u00e9s.<\/strong><\/span><\/p>\n<p>&nbsp;<\/p>\n<p><img loading=\"lazy\" decoding=\"async\" class=\"aligncenter wp-image-3826 size-large\" src=\"http:\/\/politicosaldesnudoqroo.com.mx\/wp-content\/uploads\/2022\/05\/P-SUSANALANDEROS1-1024x573.png\" alt=\"\" width=\"800\" height=\"448\" \/><\/p>\n<p>&nbsp;<\/p>\n<p class=\"p1\"><span style=\"font-size: 14pt;\">En su p\u00e1gina de Facebook, Susana Landeros explica su estado de salud y lamenta no haber estado presente en la entrega de esta presea que la Galer\u00eda Sixtos peri\u00f3dicamente otorga a lo mejor de la poblaci\u00f3n del Estado de M\u00e9xico.<\/span><\/p>\n<p class=\"p1\"><span style=\"font-size: 18pt;\"><strong>Las dem\u00e1s galardonadas presentes en el evento fueron, Mar\u00eda de los \u00c1ngeles Zuppa Villegas, presidenta municipal de Tepotzotl\u00e1n; Mar\u00eda Amparo Clausel, Directora del Museo Nacional del Virreinato; Ingrid Collette Suckaer Matheu, Cr\u00edtica, curadora e investigadora de Arte; Ing. Claudia Incl\u00e1n, Maestra \u00e1ngeles Lim\u00f3n, y otras mujeres que han dedicado un esfuerzo adicional en sus vidas en beneficio de su comunidad.<\/strong><\/span><\/p>\n<p class=\"p1\"><span style=\"font-size: 18pt;\"><strong>Los reconocimientos que otorga la Galer\u00eda Sixtos son un testimonio, \u201cPor su importante participaci\u00f3n social en la difusi\u00f3n y protecci\u00f3n de los derechos\u00a0\u00a0de las\u00a0\u00a0mujeres a\u00a0\u00a0trav\u00e9s de su \u00e1rea personal y profesional de desarrollo, lo que la\u00a0\u00a0convierte en un modelo a seguir por parte de nuestra\u00a0\u00a0fraternidad\u00a0\u00a0y de la sociedad en general\u201d.<\/strong><\/span><\/p>\n<p>&nbsp;<\/p>\n<p><img loading=\"lazy\" decoding=\"async\" class=\"aligncenter wp-image-3828 size-large\" src=\"http:\/\/politicosaldesnudoqroo.com.mx\/wp-content\/uploads\/2022\/05\/P-SUSANALANDEROS3-1024x573.png\" alt=\"\" width=\"800\" height=\"448\" \/><\/p>\n<p>&nbsp;<\/p>\n<p class=\"p1\"><span style=\"font-size: 14pt;\">Galer\u00eda Sixtos es una galer\u00eda de Arte, dirigida por Evelyn Sixtos, artista visual, con una trayectoria de 25 a\u00f1os, quien se ha dado a la tarea de presentar exposiciones de diferentes artistas j\u00f3venes mexicanos con una propuesta pl\u00e1stica personal y con soporte te\u00f3rico que fortalece cada obra, definida como aportaci\u00f3n art\u00edstica en cada una de sus expresiones contempor\u00e1neas.<\/span><\/p>\n<p class=\"p1\"><span style=\"font-size: 18pt;\"><strong>Actualmente se exhibe \u201cMujeres Horizontes\u201d con obras del Maestro Rolando Rojas, exposici\u00f3n presentada, de manera temporal, en el Senado de la Rep\u00fablica, debido a la trascendencia del tema, La Galer\u00eda Sixtos gestion\u00f3 la exhibici\u00f3n en su foro y se dio a la tarea junto con la Fraternidad CEAPRAJ de entregar el d\u00eda 28 de mayo un reconocimiento a las mujeres destacadas del norte del Estado de M\u00e9xico.<\/strong><\/span><\/p>\n<p>&nbsp;<\/p>\n<p><img loading=\"lazy\" decoding=\"async\" class=\"aligncenter wp-image-3830 size-large\" src=\"http:\/\/politicosaldesnudoqroo.com.mx\/wp-content\/uploads\/2022\/05\/P-SUSANALANDEROS5-1024x573.png\" alt=\"\" width=\"800\" height=\"448\" \/><\/p>\n<p>&nbsp;<\/p>\n<p class=\"p1\"><span style=\"font-size: 18pt;\"><strong>Rolando Rojas Mart\u00ednez, es un pintor mexicano nacido en el Istmo de Tehuantepec. Estudi\u00f3 arquitectura, restauraci\u00f3n y artes pl\u00e1sticas en la Universidad Aut\u00f3noma Benito Ju\u00e1rez de la ciudad de Oaxaca.<\/strong><\/span><\/p>\n<p class=\"p1\"><span style=\"font-size: 14pt;\">Ha participado en m\u00e1s de cien exposiciones tanto individuales como colectivas a nivel nacional e internacional.<\/span><\/p>\n<p class=\"p1\"><span style=\"font-size: 18pt;\"><strong>Actualmente cuenta con dos exposiciones permanentes en la ciudad de Oaxaca y en Serrano Gallery, Houston Texas.<\/strong><\/span><\/p>\n<p>&nbsp;<\/p>\n<p>&nbsp;<\/p>\n<p>&nbsp;<\/p>\n<p>&nbsp;<\/p>\n","protected":false},"excerpt":{"rendered":"<p>Morelos. En el marco de la clausura de la exposici\u00f3n \u201cMujeres Horizontes\u201d, conformada por obras del maestro oaxaque\u00f1o Rolando Rojas, en la Galer\u00eda Sixtos, de Tepotzotl\u00e1n, se reconoci\u00f3 la trayectoria de Susana Landeros Cort\u00e9s, presidenta de la Fundaci\u00f3n Fertilizando el Esfuerzo, por su destacada labor en el Estado de M\u00e9xico. Susana Landeros Cort\u00e9s se ha [&hellip;]<\/p>\n","protected":false},"author":4,"featured_media":4857,"comment_status":"closed","ping_status":"closed","sticky":false,"template":"","format":"standard","meta":{"_jetpack_newsletter_access":"","_jetpack_dont_email_post_to_subs":false,"_jetpack_newsletter_tier_id":0,"_jetpack_memberships_contains_paywalled_content":false,"_jetpack_feature_clip_id":0,"_jetpack_memberships_contains_paid_content":false,"footnotes":"","jetpack_publicize_message":"","jetpack_publicize_feature_enabled":true,"jetpack_social_post_already_shared":false,"jetpack_social_options":{"image_generator_settings":{"template":"highway","default_image_id":0,"font":"","enabled":false},"version":2},"jetpack_post_was_ever_published":false},"categories":[358],"tags":[824,823],"class_list":["post-4853","post","type-post","status-publish","format-standard","has-post-thumbnail","hentry","category-cultura","tag-fundacion-fertilizando-el-esfuerzo","tag-susana-landeros"],"jetpack_publicize_connections":[],"jetpack_sharing_enabled":true,"publishpress_future_action":{"enabled":false,"date":"2026-09-07 23:36:08","action":"change-status","newStatus":"draft","terms":[],"taxonomy":"category","extraData":[]},"publishpress_future_workflow_manual_trigger":{"enabledWorkflows":[]},"jetpack_featured_media_url":"https:\/\/noticiasveracruz.com\/wp-content\/uploads\/2022\/05\/P-SUSANALANDEROS4.png","_links":{"self":[{"href":"https:\/\/noticiasveracruz.com\/index.php\/wp-json\/wp\/v2\/posts\/4853","targetHints":{"allow":["GET"]}}],"collection":[{"href":"https:\/\/noticiasveracruz.com\/index.php\/wp-json\/wp\/v2\/posts"}],"about":[{"href":"https:\/\/noticiasveracruz.com\/index.php\/wp-json\/wp\/v2\/types\/post"}],"author":[{"embeddable":true,"href":"https:\/\/noticiasveracruz.com\/index.php\/wp-json\/wp\/v2\/users\/4"}],"replies":[{"embeddable":true,"href":"https:\/\/noticiasveracruz.com\/index.php\/wp-json\/wp\/v2\/comments?post=4853"}],"version-history":[{"count":0,"href":"https:\/\/noticiasveracruz.com\/index.php\/wp-json\/wp\/v2\/posts\/4853\/revisions"}],"wp:featuredmedia":[{"embeddable":true,"href":"https:\/\/noticiasveracruz.com\/index.php\/wp-json\/wp\/v2\/media\/4857"}],"wp:attachment":[{"href":"https:\/\/noticiasveracruz.com\/index.php\/wp-json\/wp\/v2\/media?parent=4853"}],"wp:term":[{"taxonomy":"category","embeddable":true,"href":"https:\/\/noticiasveracruz.com\/index.php\/wp-json\/wp\/v2\/categories?post=4853"},{"taxonomy":"post_tag","embeddable":true,"href":"https:\/\/noticiasveracruz.com\/index.php\/wp-json\/wp\/v2\/tags?post=4853"}],"curies":[{"name":"wp","href":"https:\/\/api.w.org\/{rel}","templated":true}]}}