{"id":48519,"date":"2025-01-22T00:12:40","date_gmt":"2025-01-22T06:12:40","guid":{"rendered":"https:\/\/noticiasveracruz.com\/?p=48519"},"modified":"2025-01-21T21:50:28","modified_gmt":"2025-01-22T03:50:28","slug":"industria-energetica-y-retroceso-democratico-temas-en-davos","status":"publish","type":"post","link":"https:\/\/noticiasveracruz.com\/index.php\/2025\/01\/22\/industria-energetica-y-retroceso-democratico-temas-en-davos\/","title":{"rendered":"Industria energ\u00e9tica y retroceso democr\u00e1tico: temas en Davos"},"content":{"rendered":"<p>A medida que el Foro Econ\u00f3mico Mundial cobraba impulso el martes, el presidente de Estados Unidos, Donald Trump, dio a todos algo de qu\u00e9 hablar con sus acciones en su primer d\u00eda de regreso en la Casa Blanca.<\/p>\n<p>Los ejecutivos de la industria energ\u00e9tica podr\u00edan considerar la promesa de Trump de \u201cperforar, beb\u00e9, perforar\u201d. Los l\u00edderes extranjeros intentan descifrar lo que quiere decir con su deseo de expandir el territorio estadunidense. Los defensores del comercio diger\u00edan la presentaci\u00f3n de su \u201cServicio de Ingresos Externos\u201d para recaudar aranceles y derechos, una preocupaci\u00f3n para muchos l\u00edderes empresariales en la reuni\u00f3n de \u00e9lite.<\/p>\n<p>Desde los primeros discursos, paneles y reuniones informales en la ciudad alpina suiza de Davos, las \u00f3rdenes ejecutivas de Trump y su oratoria evocadora provocaban comentarios.<\/p>\n<p>A continuaci\u00f3n, un vistazo a algunos temas principales del martes en Davos.<\/p>\n<p>&nbsp;<\/p>\n<p><strong>Preocupaci\u00f3n por el calentamiento global<\/strong><\/p>\n<p>Desde el inicio, los participantes pudieron comentar, y posiblemente criticar, el nuevo rumbo de Trump.<\/p>\n<p>A pesar de sus diversos anuncios, los l\u00edderes europeos pusieron un gran enfoque en la lucha contra el calentamiento global despu\u00e9s de su orden ejecutiva que ordena a Estados Unidos a retirarse del pacto clim\u00e1tico de Par\u00eds, nuevamente.<\/p>\n<p>La jefa de la rama ejecutiva de la Uni\u00f3n Europea, Ursula von der Leyen, dijo que el acuerdo de 2015 es \u201cla mejor esperanza para toda la humanidad\u201d y prometi\u00f3 que \u201cEuropa mantendr\u00e1 el rumbo y seguir\u00e1 trabajando con todas las naciones que quieran proteger la naturaleza y detener el calentamiento global\u201d.<\/p>\n<p>El pacto, que es voluntario para los pa\u00edses, tiene como objetivo limitar el calentamiento global a largo plazo a 1.5 grados Celsius (2.7 Fahrenheit) por encima de los niveles preindustriales o al menos mantener los aumentos de temperatura muy por debajo de 2 \u00b0C (3.6 \u00b0F).<\/p>\n<p>Antes de su discurso, activistas clim\u00e1ticos desplegaron una pancarta sobre el atrio principal del Centro de Congresos de Davos que dec\u00eda: \u201c\u00a1Impuestos a los s\u00faper ricos! Financiar un futuro justo y verde\u201d.<\/p>\n<p>Incluso sin Estados Unidos, el sector privado y pa\u00edses l\u00edderes en la transici\u00f3n energ\u00e9tica como China contin\u00faan trabajando en el cambio clim\u00e1tico.<\/p>\n<p>\u201cEl mundo est\u00e1 experimentando una transici\u00f3n energ\u00e9tica que es imparable\u201d, se\u00f1al\u00f3 Simon Stiell, jefe de clima de las Naciones Unidas, agregando que \u201cla puerta permanece abierta\u201d si Estados Unidos quiere reincorporarse al Acuerdo de Par\u00eds alg\u00fan d\u00eda.<\/p>\n","protected":false},"excerpt":{"rendered":"<p>A medida que el Foro Econ\u00f3mico Mundial cobraba impulso el martes, el presidente de Estados Unidos, Donald Trump, dio a<\/p>\n","protected":false},"author":4,"featured_media":48520,"comment_status":"closed","ping_status":"closed","sticky":false,"template":"","format":"standard","meta":{"colormag_page_container_layout":"default_layout","colormag_page_sidebar_layout":"default_layout","_jetpack_memberships_contains_paid_content":false,"footnotes":"","jetpack_publicize_message":"","jetpack_publicize_feature_enabled":true,"jetpack_social_post_already_shared":true,"jetpack_social_options":{"image_generator_settings":{"template":"highway","default_image_id":0,"font":"","enabled":false},"version":2}},"categories":[1947],"tags":[],"class_list":["post-48519","post","type-post","status-publish","format-standard","has-post-thumbnail","hentry","category-economia"],"jetpack_publicize_connections":[],"jetpack_featured_media_url":"https:\/\/noticiasveracruz.com\/wp-content\/uploads\/2025\/01\/world_economic_forum-21.jpg","jetpack_sharing_enabled":true,"publishpress_future_action":{"enabled":false,"date":"2026-05-08 13:26:25","action":"change-status","newStatus":"draft","terms":[],"taxonomy":"category","extraData":[]},"publishpress_future_workflow_manual_trigger":{"enabledWorkflows":[]},"_links":{"self":[{"href":"https:\/\/noticiasveracruz.com\/index.php\/wp-json\/wp\/v2\/posts\/48519","targetHints":{"allow":["GET"]}}],"collection":[{"href":"https:\/\/noticiasveracruz.com\/index.php\/wp-json\/wp\/v2\/posts"}],"about":[{"href":"https:\/\/noticiasveracruz.com\/index.php\/wp-json\/wp\/v2\/types\/post"}],"author":[{"embeddable":true,"href":"https:\/\/noticiasveracruz.com\/index.php\/wp-json\/wp\/v2\/users\/4"}],"replies":[{"embeddable":true,"href":"https:\/\/noticiasveracruz.com\/index.php\/wp-json\/wp\/v2\/comments?post=48519"}],"version-history":[{"count":0,"href":"https:\/\/noticiasveracruz.com\/index.php\/wp-json\/wp\/v2\/posts\/48519\/revisions"}],"wp:featuredmedia":[{"embeddable":true,"href":"https:\/\/noticiasveracruz.com\/index.php\/wp-json\/wp\/v2\/media\/48520"}],"wp:attachment":[{"href":"https:\/\/noticiasveracruz.com\/index.php\/wp-json\/wp\/v2\/media?parent=48519"}],"wp:term":[{"taxonomy":"category","embeddable":true,"href":"https:\/\/noticiasveracruz.com\/index.php\/wp-json\/wp\/v2\/categories?post=48519"},{"taxonomy":"post_tag","embeddable":true,"href":"https:\/\/noticiasveracruz.com\/index.php\/wp-json\/wp\/v2\/tags?post=48519"}],"curies":[{"name":"wp","href":"https:\/\/api.w.org\/{rel}","templated":true}]}}