{"id":48516,"date":"2025-01-22T00:11:35","date_gmt":"2025-01-22T06:11:35","guid":{"rendered":"https:\/\/noticiasveracruz.com\/?p=48516"},"modified":"2025-01-21T21:48:47","modified_gmt":"2025-01-22T03:48:47","slug":"analiza-trump-imponer-arancel-de-10-a-china-el-1-de-febrero","status":"publish","type":"post","link":"https:\/\/noticiasveracruz.com\/index.php\/2025\/01\/22\/analiza-trump-imponer-arancel-de-10-a-china-el-1-de-febrero\/","title":{"rendered":"Analiza Trump imponer arancel de 10% a China el 1 de febrero"},"content":{"rendered":"<p>El presidente de Estados Unidos, Donald Trump, prometi\u00f3 golpear a la Uni\u00f3n Europea con aranceles y dijo que su administraci\u00f3n estaba discutiendo imponer un arancel del 10% sobre los bienes importados de China el 1 de febrero, porque el fentanilo est\u00e1 siendo enviado desde China a M\u00e9xico y Canad\u00e1.<\/p>\n<p>Trump, en declaraciones a los periodistas en la Casa Blanca, dijo que ya hab\u00eda impuesto grandes aranceles a China durante su primer mandato. Dijo que la Uni\u00f3n Europea y otros tambi\u00e9n ten\u00edan desequilibrios comerciales preocupantes con Estados Unidos.<\/p>\n<p>\u00abLa Uni\u00f3n Europea es muy, muy mala con nosotros\u00bb, dijo, repitiendo comentarios hechos el lunes. \u00abAs\u00ed que van a estar en los aranceles. Es la \u00fanica forma&#8230; de conseguir equidad\u00bb, agreg\u00f3.<\/p>\n","protected":false},"excerpt":{"rendered":"<p>El presidente de Estados Unidos, Donald Trump, prometi\u00f3 golpear a la Uni\u00f3n Europea con aranceles y dijo que su administraci\u00f3n<\/p>\n","protected":false},"author":4,"featured_media":48517,"comment_status":"closed","ping_status":"closed","sticky":false,"template":"","format":"standard","meta":{"colormag_page_container_layout":"default_layout","colormag_page_sidebar_layout":"default_layout","_jetpack_memberships_contains_paid_content":false,"footnotes":"","jetpack_publicize_message":"","jetpack_publicize_feature_enabled":true,"jetpack_social_post_already_shared":true,"jetpack_social_options":{"image_generator_settings":{"template":"highway","default_image_id":0,"font":"","enabled":false},"version":2}},"categories":[1947],"tags":[],"class_list":["post-48516","post","type-post","status-publish","format-standard","has-post-thumbnail","hentry","category-economia"],"jetpack_publicize_connections":[],"jetpack_featured_media_url":"https:\/\/noticiasveracruz.com\/wp-content\/uploads\/2025\/01\/01732584719246-scaled.jpg","jetpack_sharing_enabled":true,"publishpress_future_action":{"enabled":false,"date":"2026-05-10 02:29:37","action":"change-status","newStatus":"draft","terms":[],"taxonomy":"category","extraData":[]},"publishpress_future_workflow_manual_trigger":{"enabledWorkflows":[]},"_links":{"self":[{"href":"https:\/\/noticiasveracruz.com\/index.php\/wp-json\/wp\/v2\/posts\/48516","targetHints":{"allow":["GET"]}}],"collection":[{"href":"https:\/\/noticiasveracruz.com\/index.php\/wp-json\/wp\/v2\/posts"}],"about":[{"href":"https:\/\/noticiasveracruz.com\/index.php\/wp-json\/wp\/v2\/types\/post"}],"author":[{"embeddable":true,"href":"https:\/\/noticiasveracruz.com\/index.php\/wp-json\/wp\/v2\/users\/4"}],"replies":[{"embeddable":true,"href":"https:\/\/noticiasveracruz.com\/index.php\/wp-json\/wp\/v2\/comments?post=48516"}],"version-history":[{"count":0,"href":"https:\/\/noticiasveracruz.com\/index.php\/wp-json\/wp\/v2\/posts\/48516\/revisions"}],"wp:featuredmedia":[{"embeddable":true,"href":"https:\/\/noticiasveracruz.com\/index.php\/wp-json\/wp\/v2\/media\/48517"}],"wp:attachment":[{"href":"https:\/\/noticiasveracruz.com\/index.php\/wp-json\/wp\/v2\/media?parent=48516"}],"wp:term":[{"taxonomy":"category","embeddable":true,"href":"https:\/\/noticiasveracruz.com\/index.php\/wp-json\/wp\/v2\/categories?post=48516"},{"taxonomy":"post_tag","embeddable":true,"href":"https:\/\/noticiasveracruz.com\/index.php\/wp-json\/wp\/v2\/tags?post=48516"}],"curies":[{"name":"wp","href":"https:\/\/api.w.org\/{rel}","templated":true}]}}