{"id":48513,"date":"2025-01-22T00:10:39","date_gmt":"2025-01-22T06:10:39","guid":{"rendered":"https:\/\/noticiasveracruz.com\/?p=48513"},"modified":"2025-01-21T21:46:31","modified_gmt":"2025-01-22T03:46:31","slug":"mexico-debe-fortalecer-su-competitividad-interna-para-no-caer-en-crisis","status":"publish","type":"post","link":"https:\/\/noticiasveracruz.com\/index.php\/2025\/01\/22\/mexico-debe-fortalecer-su-competitividad-interna-para-no-caer-en-crisis\/","title":{"rendered":"M\u00e9xico debe fortalecer su competitividad interna para no caer en crisis"},"content":{"rendered":"<p>Ante un escenario complicado, como el se avecina con la presidencia de Donald Trump en Estados Unidos, M\u00e9xico debe fortalecer su competitividad interna, de lo contrario se perfilar\u00eda una crisis econ\u00f3mica este sexenio, alertaron especialistas en comercio exterior e inversi\u00f3n.<\/p>\n<p>Durante la mesa redonda: \u201cPanorama econ\u00f3mico Biva 2025\u201d, organizada por la Bolsa Institucional de Valores (Biva) y dirigida por Mar\u00eda Ariza, directora general de la plaza burs\u00e1til; Luis de la Calle, director general de la consultor\u00eda De la Calle, Madrazo, Mancera (CMM), asegur\u00f3 que la soluci\u00f3n que tiene M\u00e9xico ante el actual contexto internacional es fortalecer su competencia interna.<\/p>\n<p>\u201cLa soluci\u00f3n de M\u00e9xico es la ambici\u00f3n de qu\u00e9 quiere hacer. Si somos ambiciosos, nos va ir bien; si somos temerosos, hacemos las cosas a medias o las hacemos mal y ponemos a la econom\u00eda mexicana en una situaci\u00f3n vulnerable, vamos a tener una crisis econ\u00f3mica este sexenio\u201d, prev\u00e9 De la Calle.<\/p>\n<p>El especialista explic\u00f3 que si M\u00e9xico quiere tener cabildeos eficaces en Estados Unidos; que las empresas estadunidenses hablen bien de M\u00e9xico, es apremiante ser competitivo, pues el comprador, el cliente o el proveedor en Estados Unidos va a ser el principal defensor, \u00e9l va a ir al Congreso de Estados Unidos y va a abogar para que no te da\u00f1en porque su operaci\u00f3n depende de ti.<\/p>\n<p>Los mexicanos tienen las empresas y las plantas m\u00e1s competitivas del mundo. Tan s\u00f3lo en 2024 M\u00e9xico termin\u00f3 con una participaci\u00f3n de mercado de 26 por ciento de todas las importaciones mundiales de Estados Unidos en productos agropecuarios. Por lo que Estados Unidos no puede permitirse encarecer el 26 por ciento de los alimentos que importa del mundo, el otro porcentaje es de Canad\u00e1, el 12 por ciento.<\/p>\n","protected":false},"excerpt":{"rendered":"<p>Ante un escenario complicado, como el se avecina con la presidencia de Donald Trump en Estados Unidos, M\u00e9xico debe fortalecer<\/p>\n","protected":false},"author":4,"featured_media":48514,"comment_status":"closed","ping_status":"closed","sticky":false,"template":"","format":"standard","meta":{"colormag_page_container_layout":"default_layout","colormag_page_sidebar_layout":"default_layout","_jetpack_memberships_contains_paid_content":false,"footnotes":"","jetpack_publicize_message":"","jetpack_publicize_feature_enabled":true,"jetpack_social_post_already_shared":true,"jetpack_social_options":{"image_generator_settings":{"template":"highway","default_image_id":0,"font":"","enabled":false},"version":2}},"categories":[1947],"tags":[],"class_list":["post-48513","post","type-post","status-publish","format-standard","has-post-thumbnail","hentry","category-economia"],"jetpack_publicize_connections":[],"jetpack_featured_media_url":"https:\/\/noticiasveracruz.com\/wp-content\/uploads\/2025\/01\/descarga-9.jpg","jetpack_sharing_enabled":true,"publishpress_future_action":{"enabled":false,"date":"2026-05-10 04:32:44","action":"change-status","newStatus":"draft","terms":[],"taxonomy":"category","extraData":[]},"publishpress_future_workflow_manual_trigger":{"enabledWorkflows":[]},"_links":{"self":[{"href":"https:\/\/noticiasveracruz.com\/index.php\/wp-json\/wp\/v2\/posts\/48513","targetHints":{"allow":["GET"]}}],"collection":[{"href":"https:\/\/noticiasveracruz.com\/index.php\/wp-json\/wp\/v2\/posts"}],"about":[{"href":"https:\/\/noticiasveracruz.com\/index.php\/wp-json\/wp\/v2\/types\/post"}],"author":[{"embeddable":true,"href":"https:\/\/noticiasveracruz.com\/index.php\/wp-json\/wp\/v2\/users\/4"}],"replies":[{"embeddable":true,"href":"https:\/\/noticiasveracruz.com\/index.php\/wp-json\/wp\/v2\/comments?post=48513"}],"version-history":[{"count":0,"href":"https:\/\/noticiasveracruz.com\/index.php\/wp-json\/wp\/v2\/posts\/48513\/revisions"}],"wp:featuredmedia":[{"embeddable":true,"href":"https:\/\/noticiasveracruz.com\/index.php\/wp-json\/wp\/v2\/media\/48514"}],"wp:attachment":[{"href":"https:\/\/noticiasveracruz.com\/index.php\/wp-json\/wp\/v2\/media?parent=48513"}],"wp:term":[{"taxonomy":"category","embeddable":true,"href":"https:\/\/noticiasveracruz.com\/index.php\/wp-json\/wp\/v2\/categories?post=48513"},{"taxonomy":"post_tag","embeddable":true,"href":"https:\/\/noticiasveracruz.com\/index.php\/wp-json\/wp\/v2\/tags?post=48513"}],"curies":[{"name":"wp","href":"https:\/\/api.w.org\/{rel}","templated":true}]}}