{"id":48495,"date":"2025-01-22T00:04:50","date_gmt":"2025-01-22T06:04:50","guid":{"rendered":"https:\/\/noticiasveracruz.com\/?p=48495"},"modified":"2025-01-21T21:03:02","modified_gmt":"2025-01-22T03:03:02","slug":"veracruz-presente-en-la-45-fitur-en-madrid","status":"publish","type":"post","link":"https:\/\/noticiasveracruz.com\/index.php\/2025\/01\/22\/veracruz-presente-en-la-45-fitur-en-madrid\/","title":{"rendered":"Veracruz, presente en la 45 FITUR en Madrid"},"content":{"rendered":"<p>Veracruz har\u00e1 presencia en la edici\u00f3n n\u00famero 45 de la Feria Internacional de Turismo (FITUR), que se llevar\u00e1 a cabo del 22 al 26 de enero en Madrid, la m\u00e1s importante del mundo reuniendo a 9 mil 500 empresas de 156 pa\u00edses.<\/p>\n<p>La gobernadora Roc\u00edo Nahle Garc\u00eda confirm\u00f3 su participaci\u00f3n para los mi\u00e9rcoles y jueves, con el objetivo de poner a Veracruz de moda como un destino atractivo tanto para turistas nacionales e internacionales.<\/p>\n<p>\u201cTenemos que decirles qu\u00e9 hay en Veracruz, por qu\u00e9 es bueno visitarnos, mostrar que tenemos una ruta del Caf\u00e9, de Los Tuxtlas, y empezar a trabajar con un posible crucero. A eso es a lo que voy durante dos d\u00edas\u201d, coment\u00f3 en entrevista con Quatro Media Comunicaciones.<\/p>\n<p>Durante su estancia, asistir\u00e1 a la inauguraci\u00f3n oficial en el recinto de la Instituci\u00f3n Ferial de Madrid y sostendr\u00e1 reuniones con l\u00edderes empresariales, previamente agendadas, para impulsar inversiones que fortalezcan el sector tur\u00edstico del estado.<\/p>\n<p>El pabell\u00f3n de Veracruz, encabezado por las secretar\u00edas de Turismo y Cultura, ofrecer\u00e1 una experiencia \u00fanica a los asistentes, destacando productos de calidad listos para su comercializaci\u00f3n, adem\u00e1s de exhibiciones culturales que incluyen la participaci\u00f3n de jarochos, voladores de Papantla y artesanas.<\/p>\n<p>La FITUR es el escenario ideal para mostrar la riqueza cultural, natural y gastron\u00f3mica de Veracruz; el evento re\u00fane a aerol\u00edneas, empresas de cruceros, operadores tur\u00edsticos y medios especializados, consolid\u00e1ndose como la principal plataforma de negocios para mercados receptivos y emisores en todo el mundo.<\/p>\n","protected":false},"excerpt":{"rendered":"<p>Veracruz har\u00e1 presencia en la edici\u00f3n n\u00famero 45 de la Feria Internacional de Turismo (FITUR), que se llevar\u00e1 a cabo<\/p>\n","protected":false},"author":4,"featured_media":48496,"comment_status":"closed","ping_status":"closed","sticky":false,"template":"","format":"standard","meta":{"colormag_page_container_layout":"default_layout","colormag_page_sidebar_layout":"default_layout","_jetpack_memberships_contains_paid_content":false,"footnotes":"","jetpack_publicize_message":"","jetpack_publicize_feature_enabled":true,"jetpack_social_post_already_shared":true,"jetpack_social_options":{"image_generator_settings":{"template":"highway","default_image_id":0,"font":"","enabled":false},"version":2}},"categories":[356],"tags":[],"class_list":["post-48495","post","type-post","status-publish","format-standard","has-post-thumbnail","hentry","category-veracruz"],"jetpack_publicize_connections":[],"jetpack_featured_media_url":"https:\/\/noticiasveracruz.com\/wp-content\/uploads\/2025\/01\/8a-11.jpg","jetpack_sharing_enabled":true,"publishpress_future_action":{"enabled":false,"date":"2026-05-10 06:43:37","action":"change-status","newStatus":"draft","terms":[],"taxonomy":"category","extraData":[]},"publishpress_future_workflow_manual_trigger":{"enabledWorkflows":[]},"_links":{"self":[{"href":"https:\/\/noticiasveracruz.com\/index.php\/wp-json\/wp\/v2\/posts\/48495","targetHints":{"allow":["GET"]}}],"collection":[{"href":"https:\/\/noticiasveracruz.com\/index.php\/wp-json\/wp\/v2\/posts"}],"about":[{"href":"https:\/\/noticiasveracruz.com\/index.php\/wp-json\/wp\/v2\/types\/post"}],"author":[{"embeddable":true,"href":"https:\/\/noticiasveracruz.com\/index.php\/wp-json\/wp\/v2\/users\/4"}],"replies":[{"embeddable":true,"href":"https:\/\/noticiasveracruz.com\/index.php\/wp-json\/wp\/v2\/comments?post=48495"}],"version-history":[{"count":0,"href":"https:\/\/noticiasveracruz.com\/index.php\/wp-json\/wp\/v2\/posts\/48495\/revisions"}],"wp:featuredmedia":[{"embeddable":true,"href":"https:\/\/noticiasveracruz.com\/index.php\/wp-json\/wp\/v2\/media\/48496"}],"wp:attachment":[{"href":"https:\/\/noticiasveracruz.com\/index.php\/wp-json\/wp\/v2\/media?parent=48495"}],"wp:term":[{"taxonomy":"category","embeddable":true,"href":"https:\/\/noticiasveracruz.com\/index.php\/wp-json\/wp\/v2\/categories?post=48495"},{"taxonomy":"post_tag","embeddable":true,"href":"https:\/\/noticiasveracruz.com\/index.php\/wp-json\/wp\/v2\/tags?post=48495"}],"curies":[{"name":"wp","href":"https:\/\/api.w.org\/{rel}","templated":true}]}}