{"id":48486,"date":"2025-01-22T00:01:40","date_gmt":"2025-01-22T06:01:40","guid":{"rendered":"https:\/\/noticiasveracruz.com\/?p=48486"},"modified":"2025-01-21T20:59:25","modified_gmt":"2025-01-22T02:59:25","slug":"asume-nava-direccion-de-educacion-indigena","status":"publish","type":"post","link":"https:\/\/noticiasveracruz.com\/index.php\/2025\/01\/22\/asume-nava-direccion-de-educacion-indigena\/","title":{"rendered":"Asume Nava Direcci\u00f3n de Educaci\u00f3n Ind\u00edgena"},"content":{"rendered":"<p>Por instrucciones de la gobernadora Roc\u00edo Nahle Garc\u00eda y la secretaria de Educaci\u00f3n de Veracruz, Claudia Tello Espinosa, se nombr\u00f3 directora de Educaci\u00f3n Ind\u00edgena a la doctora en Educaci\u00f3n, Nidia Caril\u00fa Nava Palomec.<\/p>\n<p>De acuerdo con los art\u00edculos 9, fracci\u00f3n IV, 10, 12 fracci\u00f3n X, 21 y 22 de la Ley Org\u00e1nica del Poder Ejecutivo del Estado de Veracruz de Ignacio de la Llave; 4, fracci\u00f3n II, j), 7\u00aa, fracci\u00f3n VII, 12, 13 y 42 del Reglamento interior de la Secretar\u00eda de Educaci\u00f3n de Veracruz, a partir de esta fecha, se faculta a la reci\u00e9n nombrada funcionaria a implementar las acciones necesarias que lleven a este nivel a la excelencia educativa por la que se trabaja en la actual administraci\u00f3n.<\/p>\n<p>Nidia Caril\u00fa Nava Palomec cuenta con 20 a\u00f1os de servicio docente, nacida en Poza Rica y radicada en Filomeno Mata, es licenciada en Pedagog\u00eda, especializada en Ciencias Sociales; en el \u00e1rea tecnol\u00f3gica cuenta con especialidad en Educaci\u00f3n Media Superior, es maestra en Ciencias de la Administraci\u00f3n y doctora en Educaci\u00f3n. Adem\u00e1s, habla las lenguas totonaco y n\u00e1huatl.<\/p>\n<p>Al recibir el nombramiento dijo que tomar\u00e1 como base los lineamientos de la Nueva Escuela Mexicana para trabajar e impulsar la educaci\u00f3n ind\u00edgena, adem\u00e1s, entre sus prioridades destac\u00f3 apoyar a las y los maestros para que cuenten con las condiciones necesarias para realizar sus actividades y coadyuvar en abatir el rezago educativo en las comunidades ind\u00edgenas.<\/p>\n<p>Dentro de su trayectoria laboral en la sierra del Totonacapan, zona considerada de alta marginaci\u00f3n, apunt\u00f3 que impuls\u00f3 proyectos para elevar el nivel educativo y tecnol\u00f3gico, en beneficio de las y los alumnos de la regi\u00f3n.<\/p>\n<p>Por \u00faltimo, destac\u00f3 que existe la apertura para mantener comunicaci\u00f3n con los docentes del nivel y que las puertas de la Direcci\u00f3n de Educaci\u00f3n Ind\u00edgena est\u00e1n abiertas para escucharlos, conciliar y atenderlos en todo momento.<\/p>\n","protected":false},"excerpt":{"rendered":"<p>Por instrucciones de la gobernadora Roc\u00edo Nahle Garc\u00eda y la secretaria de Educaci\u00f3n de Veracruz, Claudia Tello Espinosa, se nombr\u00f3<\/p>\n","protected":false},"author":4,"featured_media":48487,"comment_status":"closed","ping_status":"closed","sticky":false,"template":"","format":"standard","meta":{"colormag_page_container_layout":"default_layout","colormag_page_sidebar_layout":"default_layout","_jetpack_memberships_contains_paid_content":false,"footnotes":"","jetpack_publicize_message":"","jetpack_publicize_feature_enabled":true,"jetpack_social_post_already_shared":true,"jetpack_social_options":{"image_generator_settings":{"template":"highway","default_image_id":0,"font":"","enabled":false},"version":2}},"categories":[356],"tags":[],"class_list":["post-48486","post","type-post","status-publish","format-standard","has-post-thumbnail","hentry","category-veracruz"],"jetpack_publicize_connections":[],"jetpack_featured_media_url":"https:\/\/noticiasveracruz.com\/wp-content\/uploads\/2025\/01\/9c-5.jpg","jetpack_sharing_enabled":true,"publishpress_future_action":{"enabled":false,"date":"2026-05-08 07:58:52","action":"change-status","newStatus":"draft","terms":[],"taxonomy":"category","extraData":[]},"publishpress_future_workflow_manual_trigger":{"enabledWorkflows":[]},"_links":{"self":[{"href":"https:\/\/noticiasveracruz.com\/index.php\/wp-json\/wp\/v2\/posts\/48486","targetHints":{"allow":["GET"]}}],"collection":[{"href":"https:\/\/noticiasveracruz.com\/index.php\/wp-json\/wp\/v2\/posts"}],"about":[{"href":"https:\/\/noticiasveracruz.com\/index.php\/wp-json\/wp\/v2\/types\/post"}],"author":[{"embeddable":true,"href":"https:\/\/noticiasveracruz.com\/index.php\/wp-json\/wp\/v2\/users\/4"}],"replies":[{"embeddable":true,"href":"https:\/\/noticiasveracruz.com\/index.php\/wp-json\/wp\/v2\/comments?post=48486"}],"version-history":[{"count":0,"href":"https:\/\/noticiasveracruz.com\/index.php\/wp-json\/wp\/v2\/posts\/48486\/revisions"}],"wp:featuredmedia":[{"embeddable":true,"href":"https:\/\/noticiasveracruz.com\/index.php\/wp-json\/wp\/v2\/media\/48487"}],"wp:attachment":[{"href":"https:\/\/noticiasveracruz.com\/index.php\/wp-json\/wp\/v2\/media?parent=48486"}],"wp:term":[{"taxonomy":"category","embeddable":true,"href":"https:\/\/noticiasveracruz.com\/index.php\/wp-json\/wp\/v2\/categories?post=48486"},{"taxonomy":"post_tag","embeddable":true,"href":"https:\/\/noticiasveracruz.com\/index.php\/wp-json\/wp\/v2\/tags?post=48486"}],"curies":[{"name":"wp","href":"https:\/\/api.w.org\/{rel}","templated":true}]}}