{"id":48467,"date":"2025-01-21T00:19:42","date_gmt":"2025-01-21T06:19:42","guid":{"rendered":"https:\/\/noticiasveracruz.com\/?p=48467"},"modified":"2025-01-20T23:46:29","modified_gmt":"2025-01-21T05:46:29","slug":"colombia-bajo-estado-de-conmocion-interior-por-violencia","status":"publish","type":"post","link":"https:\/\/noticiasveracruz.com\/index.php\/2025\/01\/21\/colombia-bajo-estado-de-conmocion-interior-por-violencia\/","title":{"rendered":"Colombia, bajo \u00abestado de conmoci\u00f3n interior\u00bb por violencia"},"content":{"rendered":"<p class=\"western\">Colombia est\u00e1 desde este lunes bajo un \u00abestado de conmoci\u00f3n interior\u00bb ordenado por el presidente, Gustavo Petro, en medio de una embestida de guerrilleros y narcos que deja m\u00e1s de 100 muertos y casi 20 mil desplazados en cinco d\u00edas.<\/p>\n<p class=\"western\">Ante la escalada violenta sin precedentes recientes, el mandatario izquierdista tom\u00f3 esta decisi\u00f3n excepcional que faculta al Ejecutivo para tomar medidas extraordinarias como por ejemplo liberar recursos y restringir la movilidad de los habitantes.<\/p>\n<p class=\"western\">Desde el jueves diferentes focos de violencia estallaron en el pa\u00eds, el m\u00e1s grave en la regi\u00f3n del Catatumbo, fronteriza con Venezuela.<\/p>\n<p class=\"western\">La guerrilla Ej\u00e9rcito de Liberaci\u00f3n Nacional (ELN) atac\u00f3 a la poblaci\u00f3n civil y se enfrent\u00f3 contra disidentes de las FARC que no se acogieron al acuerdo de paz de 2016.<\/p>\n<p class=\"western\">La prolongada embestida incluy\u00f3 asesinatos selectivos y combates que dejan un balance de al menos 80 muertos y casi 20 mil desplazados en esta regi\u00f3n plagada de narcocultivos.<\/p>\n<p class=\"western\">Este lunes, el Ministerio de Defensa inform\u00f3 sobre la muerte de 20 guerrilleros en el departamento amaz\u00f3nico del Guaviare (sur) por choques entre dos facciones enemigas de los desertores del pacto que puso fin a las FARC.<\/p>\n<p class=\"western\">Y en el departamento de Bol\u00edvar (norte) los enfrentamientos entre el ELN y la banda narco Clan del Golfo dejaron nueve muertos, seg\u00fan autoridades el viernes.<\/p>\n<p class=\"western\">La Constituci\u00f3n indica que el presidente puede decretar el \u00abestado de conmoci\u00f3n interna\u00bb en \u00abcaso de grave perturbaci\u00f3n del orden p\u00fablico que atente de manera inminente contra la estabilidad institucional, la seguridad del Estado, o la convivencia ciudadana\u00bb.<\/p>\n<p class=\"western\">El art\u00edculo constitucional no dicta medidas espec\u00edficas y da carta abierta al Ejecutivo para realizar las acciones \u00abnecesarias para conjurar las causas de la perturbaci\u00f3n e impedir la extensi\u00f3n de sus efectos\u00bb.<\/p>\n<p class=\"western\">Petro no ha especificado el alcance de la declaratoria, que puede durar un periodo m\u00e1ximo de 90 d\u00edas, \u00abprorrogable hasta por dos periodos iguales\u00bb, seg\u00fan la Carta Magna.<\/p>\n<p class=\"western\">La violencia tiene en jaque la apuesta del mandatario izquierdista de hacer la paz con todos los grupos armados de Colombia.<\/p>\n","protected":false},"excerpt":{"rendered":"<p>Colombia est\u00e1 desde este lunes bajo un \u00abestado de conmoci\u00f3n interior\u00bb ordenado por el presidente, Gustavo Petro, en medio de<\/p>\n","protected":false},"author":4,"featured_media":48468,"comment_status":"closed","ping_status":"closed","sticky":false,"template":"","format":"standard","meta":{"colormag_page_container_layout":"default_layout","colormag_page_sidebar_layout":"default_layout","_jetpack_memberships_contains_paid_content":false,"footnotes":"","jetpack_publicize_message":"","jetpack_publicize_feature_enabled":true,"jetpack_social_post_already_shared":true,"jetpack_social_options":{"image_generator_settings":{"template":"highway","default_image_id":0,"font":"","enabled":false},"version":2}},"categories":[355],"tags":[],"class_list":["post-48467","post","type-post","status-publish","format-standard","has-post-thumbnail","hentry","category-internacional"],"jetpack_publicize_connections":[],"jetpack_featured_media_url":"https:\/\/noticiasveracruz.com\/wp-content\/uploads\/2025\/01\/descarga-8.jpg","jetpack_sharing_enabled":true,"publishpress_future_action":{"enabled":false,"date":"2026-05-08 12:03:21","action":"change-status","newStatus":"draft","terms":[],"taxonomy":"category","extraData":[]},"publishpress_future_workflow_manual_trigger":{"enabledWorkflows":[]},"_links":{"self":[{"href":"https:\/\/noticiasveracruz.com\/index.php\/wp-json\/wp\/v2\/posts\/48467","targetHints":{"allow":["GET"]}}],"collection":[{"href":"https:\/\/noticiasveracruz.com\/index.php\/wp-json\/wp\/v2\/posts"}],"about":[{"href":"https:\/\/noticiasveracruz.com\/index.php\/wp-json\/wp\/v2\/types\/post"}],"author":[{"embeddable":true,"href":"https:\/\/noticiasveracruz.com\/index.php\/wp-json\/wp\/v2\/users\/4"}],"replies":[{"embeddable":true,"href":"https:\/\/noticiasveracruz.com\/index.php\/wp-json\/wp\/v2\/comments?post=48467"}],"version-history":[{"count":0,"href":"https:\/\/noticiasveracruz.com\/index.php\/wp-json\/wp\/v2\/posts\/48467\/revisions"}],"wp:featuredmedia":[{"embeddable":true,"href":"https:\/\/noticiasveracruz.com\/index.php\/wp-json\/wp\/v2\/media\/48468"}],"wp:attachment":[{"href":"https:\/\/noticiasveracruz.com\/index.php\/wp-json\/wp\/v2\/media?parent=48467"}],"wp:term":[{"taxonomy":"category","embeddable":true,"href":"https:\/\/noticiasveracruz.com\/index.php\/wp-json\/wp\/v2\/categories?post=48467"},{"taxonomy":"post_tag","embeddable":true,"href":"https:\/\/noticiasveracruz.com\/index.php\/wp-json\/wp\/v2\/tags?post=48467"}],"curies":[{"name":"wp","href":"https:\/\/api.w.org\/{rel}","templated":true}]}}