{"id":48452,"date":"2025-01-21T00:14:08","date_gmt":"2025-01-21T06:14:08","guid":{"rendered":"https:\/\/noticiasveracruz.com\/?p=48452"},"modified":"2025-01-20T23:36:10","modified_gmt":"2025-01-21T05:36:10","slug":"escuelas-wixarikas-en-jalisco-extienden-paro-exigen-presencia-del-gobierno-federal","status":"publish","type":"post","link":"https:\/\/noticiasveracruz.com\/index.php\/2025\/01\/21\/escuelas-wixarikas-en-jalisco-extienden-paro-exigen-presencia-del-gobierno-federal\/","title":{"rendered":"Escuelas wix\u00e1rikas en Jalisco extienden paro; exigen presencia del gobierno federal"},"content":{"rendered":"<p>Docentes de escuelas de educaci\u00f3n b\u00e1sica bicultural en la regi\u00f3n wix\u00e1rika, que abarca San Andr\u00e9s Cohamiata, San Miguel Huaixtita, Ocota de la Sierra, San Sebasti\u00e1n Teponahuaxtl\u00e1n y Tuxpan de Bola\u00f1os, intensificaron y ampliaron el paro de labores iniciado en noviembre pasado y ante la nula respuesta de las autoridades educativas cerraron las oficinas regionales de la Secretar\u00eda de Educaci\u00f3n con sede en el municipio de Colotl\u00e1n.<\/p>\n<p>La toma de instalaciones y ampliaci\u00f3n del paro laboral se da pese a que la semana pasada la Secretar\u00eda de Educaci\u00f3n Jalisco (SEJ) inform\u00f3 en un bolet\u00edn que atend\u00eda y resolv\u00eda la serie de peticiones de los maestros wixaritari inconformes con el desd\u00e9n oficial, en una entidad cuyo sistema educativo es administrado por el gobierno estatal y que se ha negado de forma sistem\u00e1tica a \u201centregarlo\u201d a la federaci\u00f3n como ocurre en casi todo el pa\u00eds.<\/p>\n<p>Los maestros, apoyados por padres de familia integrantes de las diferentes comunidades wixaritari inconformes, llegaron desde la noche del domingo y acamparon a las afueras de las oficinas administrativas de Educaci\u00f3n, donde este lunes por la ma\u00f1ana continuaron su manifestaci\u00f3n y colocaron gran cantidad de cartulinas con leyendas que exigen la presencia de funcionarios que resuelvan sus peticiones que, ante la lejan\u00eda de la zona norte jalisciense del centro del estado, hist\u00f3ricamente han sido ignoradas o cumplidas a medias.<\/p>\n<p>Hicieron p\u00fablico un manifiesto acordado en Baj\u00edo del Tule, municipio de Mezquitic, el pasado 15 de enero con la presencia de los cinco delegados sindicales de la regi\u00f3n wix\u00e1rika, afiliados a la secci\u00f3n 16 del Sindicato Nacional de Trabajadores de la Educaci\u00f3n.<\/p>\n<p>El manifiesto de los paristas se realiza debido a \u201cla falta de respuesta oportuna y adecuada por parte de las autoridades correspondientes frente a las demandas leg\u00edtimas de los trabajadores y la comunidad educativa y la necesidad de garantizar condiciones dignas para el ejercicio de nuestras labores, as\u00ed como para el acceso a una educaci\u00f3n de calidad en nuestra regi\u00f3n\u201d.<\/p>\n<p>Declararon que el paro laboral y el plant\u00f3n en la sede de la Direcci\u00f3n Regional de la Secretar\u00eda de Educaci\u00f3n (DRSE) en Colotl\u00e1n \u201cresponde a una lucha leg\u00edtima por la defensa de nuestros derechos y la mejora de las condiciones en el sector educativo ind\u00edgena\u201d.<\/p>\n<p>Exigieron la comparecencia de funcionarios de los gobiernos federal, estatal y municipal, quienes tendr\u00e1n que acudir a la escuela primaria Plan Huicot, en la localidad de El Chalate, anexo de la comunidad wix\u00e1rika de San Andr\u00e9s Cohamiata.<\/p>\n<p>\u201cNos comprometemos a continuar trabajando con responsabilidad y dedicaci\u00f3n una vez que se cumplan los acuerdos y se restablezcan las condiciones necesarias para el desempe\u00f1o de nuestras funciones. Agradecemos el apoyo de la comunidad y reiteramos que nuestras acciones buscan el bienestar colectivo, la defensa de nuestros derechos y la mejora continua de la educaci\u00f3n en nuestra regi\u00f3n\u201d, dice el manifiesto.<\/p>\n<p>Los inconformes advirtieron que exigen una respuesta pronta luego que ya pasaron dos meses de iniciado el paro laboral porque \u201cde lo contrario podr\u00eda haber acciones m\u00e1s en\u00e9rgicas para hacerse escuchar, como tomar las instalaciones de la DRSE en Colotl\u00e1n e incluso marchar a Palacio de Gobierno en la capital jalisciense\u201d.<\/p>\n","protected":false},"excerpt":{"rendered":"<p>Docentes de escuelas de educaci\u00f3n b\u00e1sica bicultural en la regi\u00f3n wix\u00e1rika, que abarca San Andr\u00e9s Cohamiata, San Miguel Huaixtita, Ocota<\/p>\n","protected":false},"author":4,"featured_media":48453,"comment_status":"closed","ping_status":"closed","sticky":false,"template":"","format":"standard","meta":{"colormag_page_container_layout":"default_layout","colormag_page_sidebar_layout":"default_layout","_jetpack_memberships_contains_paid_content":false,"footnotes":"","jetpack_publicize_message":"","jetpack_publicize_feature_enabled":true,"jetpack_social_post_already_shared":true,"jetpack_social_options":{"image_generator_settings":{"template":"highway","default_image_id":0,"font":"","enabled":false},"version":2}},"categories":[145],"tags":[],"class_list":["post-48452","post","type-post","status-publish","format-standard","has-post-thumbnail","hentry","category-estados"],"jetpack_publicize_connections":[],"jetpack_featured_media_url":"https:\/\/noticiasveracruz.com\/wp-content\/uploads\/2025\/01\/escu.jpg","jetpack_sharing_enabled":true,"publishpress_future_action":{"enabled":false,"date":"2026-05-10 08:59:59","action":"change-status","newStatus":"draft","terms":[],"taxonomy":"category","extraData":[]},"publishpress_future_workflow_manual_trigger":{"enabledWorkflows":[]},"_links":{"self":[{"href":"https:\/\/noticiasveracruz.com\/index.php\/wp-json\/wp\/v2\/posts\/48452","targetHints":{"allow":["GET"]}}],"collection":[{"href":"https:\/\/noticiasveracruz.com\/index.php\/wp-json\/wp\/v2\/posts"}],"about":[{"href":"https:\/\/noticiasveracruz.com\/index.php\/wp-json\/wp\/v2\/types\/post"}],"author":[{"embeddable":true,"href":"https:\/\/noticiasveracruz.com\/index.php\/wp-json\/wp\/v2\/users\/4"}],"replies":[{"embeddable":true,"href":"https:\/\/noticiasveracruz.com\/index.php\/wp-json\/wp\/v2\/comments?post=48452"}],"version-history":[{"count":0,"href":"https:\/\/noticiasveracruz.com\/index.php\/wp-json\/wp\/v2\/posts\/48452\/revisions"}],"wp:featuredmedia":[{"embeddable":true,"href":"https:\/\/noticiasveracruz.com\/index.php\/wp-json\/wp\/v2\/media\/48453"}],"wp:attachment":[{"href":"https:\/\/noticiasveracruz.com\/index.php\/wp-json\/wp\/v2\/media?parent=48452"}],"wp:term":[{"taxonomy":"category","embeddable":true,"href":"https:\/\/noticiasveracruz.com\/index.php\/wp-json\/wp\/v2\/categories?post=48452"},{"taxonomy":"post_tag","embeddable":true,"href":"https:\/\/noticiasveracruz.com\/index.php\/wp-json\/wp\/v2\/tags?post=48452"}],"curies":[{"name":"wp","href":"https:\/\/api.w.org\/{rel}","templated":true}]}}