{"id":48449,"date":"2025-01-21T00:13:38","date_gmt":"2025-01-21T06:13:38","guid":{"rendered":"https:\/\/noticiasveracruz.com\/?p=48449"},"modified":"2025-01-20T23:32:29","modified_gmt":"2025-01-21T05:32:29","slug":"arriba-el-general-laureano-carrillo-a-la-ssc-de-baja-california","status":"publish","type":"post","link":"https:\/\/noticiasveracruz.com\/index.php\/2025\/01\/21\/arriba-el-general-laureano-carrillo-a-la-ssc-de-baja-california\/","title":{"rendered":"Arriba el general Laureano Carrillo a la SSC de Baja California"},"content":{"rendered":"<p>La gobernadora Marina del Pilar Avila Olmeda, anunci\u00f3 esta ma\u00f1ana que el general Brigadier del Estado Mayor, Laureano Carrillo Rodr\u00edguez, asume como nuevo Secretario de Seguridad Ciudadana del Estado \u201ccon el objetivo de fortalecer la estrategia de seguridad integral que prioriza la inteligencia, la prevenci\u00f3n y la proximidad ciudadana\u201d.<\/p>\n<p>En un comunicado de prensa, la gobernadora destac\u00f3 la s\u00f3lida trayectoria del general Carrillo Rodr\u00edguez y su compromiso con la defensa de la seguridad y el bienestar de las familias bajacalifornianas, puesto que cuenta con la experiencia y la visi\u00f3n necesaria para encabezar los esfuerzos que consoliden la paz duradera en Baja California.<\/p>\n<p>El general Laureano Carrillo Rodr\u00edguez, originario de Tampico, Tamaulipas, es egresado del Heroico Colegio Militar y cuenta con una destacada carrera militar. Ha desempe\u00f1ado importantes cargos como comandante de secci\u00f3n, escuadr\u00f3n y regimiento, as\u00ed como comandante de Guarnici\u00f3n Militar. Tambi\u00e9n fue jefe de la Secci\u00f3n Tercera de Operaciones del Estado Mayor Conjunto de la Defensa Nacional.<\/p>\n<p>Su trayectoria internacional incluye comisiones oficiales en la Rep\u00fablica Popular de China y en la Embajada de M\u00e9xico en Guatemala, fortaleciendo los lazos de cooperaci\u00f3n y la capacitaci\u00f3n en estrategias de seguridad.<\/p>\n<p>En el \u00e1mbito acad\u00e9mico, posee una Licenciatura en Administraci\u00f3n Militar por la Escuela Superior de Guerra, una Maestr\u00eda en Defensa Nacional por la Rep\u00fablica de Argentina, y una Maestr\u00eda en Seguridad Nacional por el Colegio de Defensa Nacional.<\/p>\n<p>Su \u00faltimo cargo fue como comandante de las Fuerzas de Tarea en Irapuato y Celaya, Guanajuato, donde encabez\u00f3 operaciones clave contra la delincuencia organizada, destacando por su capacidad de coordinaci\u00f3n y ejecuci\u00f3n estrat\u00e9gica.<\/p>\n<p>Con estas acciones, se reafirma el compromiso con la construcci\u00f3n de un Baja California seguro , avanzando hacia un futuro donde las estrategias de seguridad sigan transformando la vida de las y los bajacalifornianos, declar\u00f3.<\/p>\n<p>Finalmente, la gobernadora agradeci\u00f3 al general Leopoldo Tizoc Aguilar Dur\u00e1n, por su desempe\u00f1o al frente de la Secretar\u00eda de Seguridad Ciudadana durante su gesti\u00f3n, reconociendo su compromiso y esfuerzo invaluable para la construcci\u00f3n de la paz en Baja California.<\/p>\n","protected":false},"excerpt":{"rendered":"<p>La gobernadora Marina del Pilar Avila Olmeda, anunci\u00f3 esta ma\u00f1ana que el general Brigadier del Estado Mayor, Laureano Carrillo Rodr\u00edguez,<\/p>\n","protected":false},"author":4,"featured_media":48450,"comment_status":"closed","ping_status":"closed","sticky":false,"template":"","format":"standard","meta":{"colormag_page_container_layout":"default_layout","colormag_page_sidebar_layout":"default_layout","_jetpack_memberships_contains_paid_content":false,"footnotes":"","jetpack_publicize_message":"","jetpack_publicize_feature_enabled":true,"jetpack_social_post_already_shared":true,"jetpack_social_options":{"image_generator_settings":{"template":"highway","default_image_id":0,"font":"","enabled":false},"version":2}},"categories":[145],"tags":[],"class_list":["post-48449","post","type-post","status-publish","format-standard","has-post-thumbnail","hentry","category-estados"],"jetpack_publicize_connections":[],"jetpack_featured_media_url":"https:\/\/noticiasveracruz.com\/wp-content\/uploads\/2025\/01\/WhatsApp-Image-2025-01-20-at-11.26.51-AM-640x330-1.jpeg","jetpack_sharing_enabled":true,"publishpress_future_action":{"enabled":false,"date":"2026-05-10 10:06:27","action":"change-status","newStatus":"draft","terms":[],"taxonomy":"category","extraData":[]},"publishpress_future_workflow_manual_trigger":{"enabledWorkflows":[]},"_links":{"self":[{"href":"https:\/\/noticiasveracruz.com\/index.php\/wp-json\/wp\/v2\/posts\/48449","targetHints":{"allow":["GET"]}}],"collection":[{"href":"https:\/\/noticiasveracruz.com\/index.php\/wp-json\/wp\/v2\/posts"}],"about":[{"href":"https:\/\/noticiasveracruz.com\/index.php\/wp-json\/wp\/v2\/types\/post"}],"author":[{"embeddable":true,"href":"https:\/\/noticiasveracruz.com\/index.php\/wp-json\/wp\/v2\/users\/4"}],"replies":[{"embeddable":true,"href":"https:\/\/noticiasveracruz.com\/index.php\/wp-json\/wp\/v2\/comments?post=48449"}],"version-history":[{"count":0,"href":"https:\/\/noticiasveracruz.com\/index.php\/wp-json\/wp\/v2\/posts\/48449\/revisions"}],"wp:featuredmedia":[{"embeddable":true,"href":"https:\/\/noticiasveracruz.com\/index.php\/wp-json\/wp\/v2\/media\/48450"}],"wp:attachment":[{"href":"https:\/\/noticiasveracruz.com\/index.php\/wp-json\/wp\/v2\/media?parent=48449"}],"wp:term":[{"taxonomy":"category","embeddable":true,"href":"https:\/\/noticiasveracruz.com\/index.php\/wp-json\/wp\/v2\/categories?post=48449"},{"taxonomy":"post_tag","embeddable":true,"href":"https:\/\/noticiasveracruz.com\/index.php\/wp-json\/wp\/v2\/tags?post=48449"}],"curies":[{"name":"wp","href":"https:\/\/api.w.org\/{rel}","templated":true}]}}