{"id":48405,"date":"2025-01-20T22:42:44","date_gmt":"2025-01-21T04:42:44","guid":{"rendered":"https:\/\/noticiasveracruz.com\/?p=48405"},"modified":"2025-01-20T22:42:44","modified_gmt":"2025-01-21T04:42:44","slug":"gobierno-de-tuxpan-y-dif-municipal-entregan-apoyos-invernales-a-familias-que-pernoctan-afuera-del-hospital-dr-emilio-alcazar-y-de-la-clinica-del-imss","status":"publish","type":"post","link":"https:\/\/noticiasveracruz.com\/index.php\/2025\/01\/20\/gobierno-de-tuxpan-y-dif-municipal-entregan-apoyos-invernales-a-familias-que-pernoctan-afuera-del-hospital-dr-emilio-alcazar-y-de-la-clinica-del-imss\/","title":{"rendered":"Gobierno de Tuxpan y DIF Municipal entregan apoyos invernales a familias que pernoctan afuera del Hospital \u201cDr. Emilio Alc\u00e1zar\u201d y de la cl\u00ednica del IMSS"},"content":{"rendered":"<p>Tuxpan, Ver., 20 de enero de 2025.- Esta tarde el alcalde Dr. Jes\u00fas Fomperoza Torres acompa\u00f1ado de su esposa Melba L\u00f3pez Guti\u00e9rrez, presidenta del Sistema DIF Tuxpan, llevaron a cabo la entrega de apoyos a familias que pernoctan afuera del Hospital Dr. Emilio Alc\u00e1zar.<\/p>\n<p><img loading=\"lazy\" decoding=\"async\" class=\"alignnone size-medium wp-image-48409\" src=\"http:\/\/noticiasveracruz.com\/wp-content\/uploads\/2025\/01\/WhatsApp-Image-2025-01-20-at-21.33.06-3-300x200.jpeg\" alt=\"\" width=\"300\" height=\"200\" srcset=\"https:\/\/noticiasveracruz.com\/wp-content\/uploads\/2025\/01\/WhatsApp-Image-2025-01-20-at-21.33.06-3-300x200.jpeg 300w, https:\/\/noticiasveracruz.com\/wp-content\/uploads\/2025\/01\/WhatsApp-Image-2025-01-20-at-21.33.06-3-1024x681.jpeg 1024w, https:\/\/noticiasveracruz.com\/wp-content\/uploads\/2025\/01\/WhatsApp-Image-2025-01-20-at-21.33.06-3-768x511.jpeg 768w, https:\/\/noticiasveracruz.com\/wp-content\/uploads\/2025\/01\/WhatsApp-Image-2025-01-20-at-21.33.06-3-1536x1021.jpeg 1536w, https:\/\/noticiasveracruz.com\/wp-content\/uploads\/2025\/01\/WhatsApp-Image-2025-01-20-at-21.33.06-3.jpeg 1600w\" sizes=\"auto, (max-width: 300px) 100vw, 300px\" \/><\/p>\n<p>El presidente municipal puso en marcha el Operativo de Apoyo por Temporada Invernal, en el que participan DIF Tuxpan, SSP Municipal, Protecci\u00f3n Civil y diversas direcciones del Ayuntamiento.<\/p>\n<p><img loading=\"lazy\" decoding=\"async\" class=\"alignnone size-medium wp-image-48408\" src=\"http:\/\/noticiasveracruz.com\/wp-content\/uploads\/2025\/01\/WhatsApp-Image-2025-01-20-at-21.33.06-2-300x200.jpeg\" alt=\"\" width=\"300\" height=\"200\" srcset=\"https:\/\/noticiasveracruz.com\/wp-content\/uploads\/2025\/01\/WhatsApp-Image-2025-01-20-at-21.33.06-2-300x200.jpeg 300w, https:\/\/noticiasveracruz.com\/wp-content\/uploads\/2025\/01\/WhatsApp-Image-2025-01-20-at-21.33.06-2-1024x681.jpeg 1024w, https:\/\/noticiasveracruz.com\/wp-content\/uploads\/2025\/01\/WhatsApp-Image-2025-01-20-at-21.33.06-2-768x511.jpeg 768w, https:\/\/noticiasveracruz.com\/wp-content\/uploads\/2025\/01\/WhatsApp-Image-2025-01-20-at-21.33.06-2-1536x1021.jpeg 1536w, https:\/\/noticiasveracruz.com\/wp-content\/uploads\/2025\/01\/WhatsApp-Image-2025-01-20-at-21.33.06-2.jpeg 1600w\" sizes=\"auto, (max-width: 300px) 100vw, 300px\" \/><\/p>\n<p>Como parte de estas acciones se instalaron m\u00e1s camastros en las carpas cerradas que el Ayuntamiento previamente coloc\u00f3 para que pudieran protegerse del fr\u00edo y la lluvia. Tambi\u00e9n se hizo entrega de m\u00e1s cobijas y se distribuyeron alimentos.<\/p>\n<p><img loading=\"lazy\" decoding=\"async\" class=\"alignnone size-medium wp-image-48407\" src=\"http:\/\/noticiasveracruz.com\/wp-content\/uploads\/2025\/01\/WhatsApp-Image-2025-01-20-at-21.33.06-1-300x200.jpeg\" alt=\"\" width=\"300\" height=\"200\" srcset=\"https:\/\/noticiasveracruz.com\/wp-content\/uploads\/2025\/01\/WhatsApp-Image-2025-01-20-at-21.33.06-1-300x200.jpeg 300w, https:\/\/noticiasveracruz.com\/wp-content\/uploads\/2025\/01\/WhatsApp-Image-2025-01-20-at-21.33.06-1-1024x681.jpeg 1024w, https:\/\/noticiasveracruz.com\/wp-content\/uploads\/2025\/01\/WhatsApp-Image-2025-01-20-at-21.33.06-1-768x511.jpeg 768w, https:\/\/noticiasveracruz.com\/wp-content\/uploads\/2025\/01\/WhatsApp-Image-2025-01-20-at-21.33.06-1-1536x1021.jpeg 1536w, https:\/\/noticiasveracruz.com\/wp-content\/uploads\/2025\/01\/WhatsApp-Image-2025-01-20-at-21.33.06-1.jpeg 1600w\" sizes=\"auto, (max-width: 300px) 100vw, 300px\" \/><\/p>\n<p>El Dr. Jes\u00fas Fomperoza reconoci\u00f3 a la Secretar\u00eda de la Defensa Nacional (SEDENA), en estas tareas de ayuda la poblaci\u00f3n civil, pues tambi\u00e9n participan activamente en la entrega de apoyos invernales.<\/p>\n<p><img loading=\"lazy\" decoding=\"async\" class=\"alignnone size-medium wp-image-48406\" src=\"http:\/\/noticiasveracruz.com\/wp-content\/uploads\/2025\/01\/WhatsApp-Image-2025-01-20-at-21.33.05-300x200.jpeg\" alt=\"\" width=\"300\" height=\"200\" srcset=\"https:\/\/noticiasveracruz.com\/wp-content\/uploads\/2025\/01\/WhatsApp-Image-2025-01-20-at-21.33.05-300x200.jpeg 300w, https:\/\/noticiasveracruz.com\/wp-content\/uploads\/2025\/01\/WhatsApp-Image-2025-01-20-at-21.33.05-1024x681.jpeg 1024w, https:\/\/noticiasveracruz.com\/wp-content\/uploads\/2025\/01\/WhatsApp-Image-2025-01-20-at-21.33.05-768x511.jpeg 768w, https:\/\/noticiasveracruz.com\/wp-content\/uploads\/2025\/01\/WhatsApp-Image-2025-01-20-at-21.33.05-1536x1021.jpeg 1536w, https:\/\/noticiasveracruz.com\/wp-content\/uploads\/2025\/01\/WhatsApp-Image-2025-01-20-at-21.33.05.jpeg 1600w\" sizes=\"auto, (max-width: 300px) 100vw, 300px\" \/><\/p>\n<p>\u201cLas familias ya tienen a su servicio carpas cerradas, ba\u00f1os, suficientes camastros y cobijas. Vamos a estar muy atentos, brindando toda la ayuda necesaria\u201d, reiter\u00f3 el presidente municipal.<\/p>\n<p>Posteriormente, personal del DIF y SEDENA entregaron cobijas, alimentos y bebidas calientes a familias que esperan en las afueras de la cl\u00ednica del Instituto Mexicano del Seguro Social (IMSS).<\/p>\n<p>Protecci\u00f3n Civil y SSP iniciaron de inmediato los recorridos para asistir a la poblaci\u00f3n. Si necesita alg\u00fan tipo de ayuda, no dude en llamar a los siguientes n\u00fameros telef\u00f3nicos: 783 83 50127 (Protecci\u00f3n Civil), 783 83 40646 (Bomberos) y al 911 Emergencias.<\/p>\n","protected":false},"excerpt":{"rendered":"<p>Tuxpan, Ver., 20 de enero de 2025.- Esta tarde el alcalde Dr. Jes\u00fas Fomperoza Torres acompa\u00f1ado de su esposa Melba<\/p>\n","protected":false},"author":4,"featured_media":48411,"comment_status":"closed","ping_status":"closed","sticky":false,"template":"","format":"standard","meta":{"colormag_page_container_layout":"default_layout","colormag_page_sidebar_layout":"default_layout","_jetpack_memberships_contains_paid_content":false,"footnotes":"","jetpack_publicize_message":"","jetpack_publicize_feature_enabled":true,"jetpack_social_post_already_shared":true,"jetpack_social_options":{"image_generator_settings":{"template":"highway","default_image_id":0,"font":"","enabled":false},"version":2}},"categories":[3372,356],"tags":[],"class_list":["post-48405","post","type-post","status-publish","format-standard","has-post-thumbnail","hentry","category-gobierno-tuxpan","category-veracruz"],"jetpack_publicize_connections":[],"jetpack_featured_media_url":"https:\/\/noticiasveracruz.com\/wp-content\/uploads\/2025\/01\/WhatsApp-Image-2025-01-20-at-21.33.05-1.jpeg","jetpack_sharing_enabled":true,"publishpress_future_action":{"enabled":false,"date":"2026-05-08 06:32:11","action":"change-status","newStatus":"draft","terms":[],"taxonomy":"category","extraData":[]},"publishpress_future_workflow_manual_trigger":{"enabledWorkflows":[]},"_links":{"self":[{"href":"https:\/\/noticiasveracruz.com\/index.php\/wp-json\/wp\/v2\/posts\/48405","targetHints":{"allow":["GET"]}}],"collection":[{"href":"https:\/\/noticiasveracruz.com\/index.php\/wp-json\/wp\/v2\/posts"}],"about":[{"href":"https:\/\/noticiasveracruz.com\/index.php\/wp-json\/wp\/v2\/types\/post"}],"author":[{"embeddable":true,"href":"https:\/\/noticiasveracruz.com\/index.php\/wp-json\/wp\/v2\/users\/4"}],"replies":[{"embeddable":true,"href":"https:\/\/noticiasveracruz.com\/index.php\/wp-json\/wp\/v2\/comments?post=48405"}],"version-history":[{"count":0,"href":"https:\/\/noticiasveracruz.com\/index.php\/wp-json\/wp\/v2\/posts\/48405\/revisions"}],"wp:featuredmedia":[{"embeddable":true,"href":"https:\/\/noticiasveracruz.com\/index.php\/wp-json\/wp\/v2\/media\/48411"}],"wp:attachment":[{"href":"https:\/\/noticiasveracruz.com\/index.php\/wp-json\/wp\/v2\/media?parent=48405"}],"wp:term":[{"taxonomy":"category","embeddable":true,"href":"https:\/\/noticiasveracruz.com\/index.php\/wp-json\/wp\/v2\/categories?post=48405"},{"taxonomy":"post_tag","embeddable":true,"href":"https:\/\/noticiasveracruz.com\/index.php\/wp-json\/wp\/v2\/tags?post=48405"}],"curies":[{"name":"wp","href":"https:\/\/api.w.org\/{rel}","templated":true}]}}