{"id":48373,"date":"2025-01-20T00:34:59","date_gmt":"2025-01-20T06:34:59","guid":{"rendered":"https:\/\/noticiasveracruz.com\/?p=48373"},"modified":"2025-01-20T00:34:59","modified_gmt":"2025-01-20T06:34:59","slug":"agua-de-calidad-para-veracruz","status":"publish","type":"post","link":"https:\/\/noticiasveracruz.com\/index.php\/2025\/01\/20\/agua-de-calidad-para-veracruz\/","title":{"rendered":"Agua de calidad para Veracruz"},"content":{"rendered":"<p><span style=\"font-size: 14pt;\"><strong>La gobernadora aplic\u00f3 un proyecto de su compa\u00f1ero y amigo Jos\u00e9 Alberto Celestinos para surtir del vital l\u00edquido a habitantes del norte de la entidad<\/strong><\/span><\/p>\n<p><span style=\"font-size: 14pt;\"><strong>Por \u00c1ngel \u00c1lvaro Pe\u00f1a<\/strong><\/span><\/p>\n<p><span style=\"font-size: 14pt;\">Una vez que entre en funcionamiento el reservorio de agua de Naranjos de Amatl\u00e1n, Veracruz, los habitantes el norte del estado tendr\u00e1n un problema menos, la gobernadora habr\u00e1 tenido un triunfo m\u00e1s sobre los adversarios que le juegan sucio y la Presidenta habr\u00e1 obtenido un logro m\u00e1s en su carrera por alcanzar obras sin precedente en el pa\u00eds.<\/span><\/p>\n<p><span style=\"font-size: 14pt;\">Esta obra tiene una historia muy particular que implica a todos los mexicanos, especialmente a los veracruzanos. Se trata de una idea del ingeniero Jos\u00e9 Alberto Celestinos Isaacs, cercano colaborador de la actual gobernadora y amigo desde hace muchos a\u00f1os.<\/span><\/p>\n<p><span style=\"font-size: 14pt;\">El proyecto fue presentado por el Ing. Celestinos Isaacs en 2021, con el objetivo de garantizar el suministro de agua de calidad<\/span><\/p>\n<p><span style=\"font-size: 14pt;\">El proyecto dar\u00e1 agua potable a municipios como Tancoco, Naranjos, Chinampa de Gorostiza, y Tamal\u00edn; es decir, a unos 40,000 habitantes cuya demanda habr\u00eda sido satisfecha en a\u00f1os anteriores por el sistema municipal de agua potable, que provee mediante bombeo directo desde un vaso de captaci\u00f3n la distribuci\u00f3n de agua clorada a la red medida integrada por casi 9,000 tomas domiciliarias, pero se carece de un tanque regulador.<\/span><\/p>\n<p><span style=\"font-size: 14pt;\">La altura sobre el nivel del mar del reservorio de Naranjos rebasa en 30 metros la plataforma de la ciudad y sus conurbaciones, por lo que llega el agua a la ciudad por la ley de la gravedad. Adem\u00e1s, la superficie del cuenco siendo de 9 hect\u00e1reas mantiene una reserva natural y equipamientos para tratamiento de 8 hect\u00e1reas m\u00e1s, para que, en caso de incorporar este Reservorio al sistema de agua de la ciudad, se convierta en un vaso regulador que corrija la anomal\u00eda que obliga a mantener un bombeo continuo al sustituir la fuerza de gravedad por la fuerza producto de la energ\u00eda el\u00e9ctrica.<\/span><\/p>\n<p><span style=\"font-size: 14pt;\">La actual gobernadora, todav\u00eda en campa\u00f1a, en su gira del 2 de abril de 2024, habl\u00f3 claramente que el proyecto era de su amigo, Celestinos Isaacs, a quien invit\u00f3 a trabajar en la secretar\u00eda de Energ\u00eda, la amistad era tan estrecha entre Roc\u00edo Nahle y el ingeniero, cuya muerte fue dada a conocer p\u00fablicamente por ella. Todav\u00eda trabajaba en dicha dependencia porque era una persona productiva hasta el \u00faltimo aliento.<\/span><\/p>\n<p><span style=\"font-size: 14pt;\">Con estos antecedentes Roc\u00edo Nahle firm\u00f3 el convenio del Reservorio de agua, convirti\u00e9ndolo en su compromiso n\u00famero 81 de su campa\u00f1a, a pesar de que hab\u00eda planeado s\u00f3lo 80 promesas. Ah\u00ed, en la plaza principal de Naranjos narr\u00f3 c\u00f3mo le dio a conocer el plan el Ing. Celestinos, la explicaci\u00f3n detallada de preferir un reservorio a una presa la detall\u00f3 con precisi\u00f3n, mostrando una gran deferencia a su amigo.<\/span><\/p>\n<p><span style=\"font-size: 14pt;\">Desde luego que en el largo trayecto entre la presentaci\u00f3n del proyecto que no dej\u00f3 de sorprender a Nahle Garc\u00eda, hubo quienes quisieron adjudicarse la creaci\u00f3n de dicho proyecto y de asumir su funcionamiento como propio como el caso del presidente municipal de Naranjos.<\/span><\/p>\n<p><span style=\"font-size: 14pt;\">Afortunadamente surgieron como defensores de la autor\u00eda el Dr. Eloy Jes\u00fas M\u00e9ndez S\u00e1nchez, Director General del Instituto Tecnol\u00f3gico Superior de Naranjos y el Arq. Germ\u00e1n Sosa Mar, responsables de decir la verdad y denunciar a los plagiarios de cualquier tipo de adjudicaci\u00f3n ilegal.<\/span><\/p>\n<p><span style=\"font-size: 14pt;\">La necesidad de protagonismo del presidente municipal naranjense le hizo cometer errores que no advierte por la ceguera de querer figurar como el principal creador de un proyecto con el que nada tiene que ver ya que se trata de una obra estatal y federal y el municipio nada tiene que ver.<\/span><\/p>\n<p><span style=\"font-size: 14pt;\">El alcalde, dice contar con una maestr\u00eda en Gesti\u00f3n de Instituciones Educativas, de la escuela que es de su propiedad, la cual construy\u00f3 luego de trabajar un tiempo en Estados Unidos y regres\u00f3 con mucho dinero para sorpresa de todos.<\/span><\/p>\n<p><span style=\"font-size: 14pt;\">A pesar de los tropiezos la obra camina y va a buen puerto, en estos momentos se realizan los proyectos ejecutivos, con el apoyo de Conagua que asesora a la CAEV, &#8211;en manos del Ing. Luis Cervantes Cruz, quien fuera diputado local antes de ser nombrado por la gobernadora electa a este cargo&#8211;, para iniciar la obra lo m\u00e1s pronto posible.<\/span><\/p>\n<p><span style=\"font-size: 14pt;\">El alcalde al que ya le quedan s\u00f3lo 10 meses en el cargo, se le ve con el chaleco guinda, de Morena aunque pertenece al Partido Verde, &#8211;en evidente contradicci\u00f3n con la cuesti\u00f3n ecol\u00f3gica&#8211; para hacer equipo de manera oportunista con la gobernadora y, al mismo tiempo, tratar de llamar la atenci\u00f3n de la Presidenta de M\u00e9xico; sin embargo, es un conocido pillo de la regi\u00f3n, activista de la evangelizaci\u00f3n y apegado a las normas de la derecha. M\u00e1s cercado del PAN que de cualquier otro partido, pero su ambici\u00f3n lo obliga a ponerse de alfombra con los l\u00edderes y funcionarios de Morena.<\/span><\/p>\n<p><span style=\"font-size: 14pt;\">Tiene a uno de sus incondicionales a cargo del proyecto en el municipio el Ingeniero Amado Sosa, tambi\u00e9n director de Comap, quien se burla de la gente al decir que es lodo lo que se saca de los suministros de agua y adem\u00e1s la cobran, como si no fuera tambi\u00e9n de \u00e9l la responsabilidad de otorgar agua de calidad a los habitantes.<\/span><\/p>\n<p><span style=\"font-size: 14pt;\">En medio de estos obst\u00e1culos la construcci\u00f3n del reservorio camina para dar a la poblaci\u00f3n acceso al vital l\u00edquido. El hecho de que la gobernadora ampliara su n\u00famero de proyectos de campa\u00f1a para dar lugar a esta obra, no s\u00f3lo habla del cari\u00f1o y respeto que guarda por el Ingeniero Celestinos sino de la trascendencia de una idea que transforma de manera original, la calidad del agua para hacerla parte de la vida cotidiana de los habitantes del norte de Veracruz.<\/span><\/p>\n<p><span style=\"font-size: 14pt;\">As\u00ed, una obra de origen aut\u00e9nticamente veracruzano, creada por un ingeniero del lugar para beneficio de los habitantes, fortalece la gesti\u00f3n de dos mujeres, compa\u00f1eras de lucha y que comparten el destino del pa\u00eds, que han hecho historia, la primera gobernadora mujer de Veracruz, y la primera presidenta mujer de M\u00e9xico.<\/span><\/p>\n","protected":false},"excerpt":{"rendered":"<p>La gobernadora aplic\u00f3 un proyecto de su compa\u00f1ero y amigo Jos\u00e9 Alberto Celestinos para surtir del vital l\u00edquido a habitantes<\/p>\n","protected":false},"author":4,"featured_media":48374,"comment_status":"closed","ping_status":"closed","sticky":false,"template":"","format":"standard","meta":{"colormag_page_container_layout":"default_layout","colormag_page_sidebar_layout":"default_layout","_jetpack_memberships_contains_paid_content":false,"footnotes":"","jetpack_publicize_message":"","jetpack_publicize_feature_enabled":true,"jetpack_social_post_already_shared":true,"jetpack_social_options":{"image_generator_settings":{"template":"highway","default_image_id":0,"font":"","enabled":false},"version":2}},"categories":[6],"tags":[],"class_list":["post-48373","post","type-post","status-publish","format-standard","has-post-thumbnail","hentry","category-columnistas"],"jetpack_publicize_connections":[],"jetpack_featured_media_url":"https:\/\/noticiasveracruz.com\/wp-content\/uploads\/2025\/01\/para-web.jpg","jetpack_sharing_enabled":true,"publishpress_future_action":{"enabled":false,"date":"2026-05-10 05:12:29","action":"change-status","newStatus":"draft","terms":[],"taxonomy":"category","extraData":[]},"publishpress_future_workflow_manual_trigger":{"enabledWorkflows":[]},"_links":{"self":[{"href":"https:\/\/noticiasveracruz.com\/index.php\/wp-json\/wp\/v2\/posts\/48373","targetHints":{"allow":["GET"]}}],"collection":[{"href":"https:\/\/noticiasveracruz.com\/index.php\/wp-json\/wp\/v2\/posts"}],"about":[{"href":"https:\/\/noticiasveracruz.com\/index.php\/wp-json\/wp\/v2\/types\/post"}],"author":[{"embeddable":true,"href":"https:\/\/noticiasveracruz.com\/index.php\/wp-json\/wp\/v2\/users\/4"}],"replies":[{"embeddable":true,"href":"https:\/\/noticiasveracruz.com\/index.php\/wp-json\/wp\/v2\/comments?post=48373"}],"version-history":[{"count":0,"href":"https:\/\/noticiasveracruz.com\/index.php\/wp-json\/wp\/v2\/posts\/48373\/revisions"}],"wp:featuredmedia":[{"embeddable":true,"href":"https:\/\/noticiasveracruz.com\/index.php\/wp-json\/wp\/v2\/media\/48374"}],"wp:attachment":[{"href":"https:\/\/noticiasveracruz.com\/index.php\/wp-json\/wp\/v2\/media?parent=48373"}],"wp:term":[{"taxonomy":"category","embeddable":true,"href":"https:\/\/noticiasveracruz.com\/index.php\/wp-json\/wp\/v2\/categories?post=48373"},{"taxonomy":"post_tag","embeddable":true,"href":"https:\/\/noticiasveracruz.com\/index.php\/wp-json\/wp\/v2\/tags?post=48373"}],"curies":[{"name":"wp","href":"https:\/\/api.w.org\/{rel}","templated":true}]}}