{"id":48357,"date":"2025-01-19T23:48:52","date_gmt":"2025-01-20T05:48:52","guid":{"rendered":"https:\/\/noticiasveracruz.com\/?p=48357"},"modified":"2025-01-20T01:55:13","modified_gmt":"2025-01-20T07:55:13","slug":"agua-con-lodo-para-tomar","status":"publish","type":"post","link":"https:\/\/noticiasveracruz.com\/index.php\/2025\/01\/19\/agua-con-lodo-para-tomar\/","title":{"rendered":"Agua con lodo para tomar"},"content":{"rendered":"<p><strong><span style=\"font-size: 14pt;\">En Naranjos Amatl\u00e1n, Veracruz<\/span><\/strong><\/p>\n<p><strong><span style=\"font-size: 14pt;\">Por \u00c1ngel \u00c1lvaro Pe\u00f1a<\/span><\/strong><\/p>\n<p><span style=\"font-size: 14pt;\">Cuando se brinca de un partido a otro sin mostrar por lo menos una peque\u00f1a prueba de vocaci\u00f3n, sensibilidad y amor por el pr\u00f3jimo, esa persona debe estar bajo la lupa. Es el caso de un delincuente llamado Jos\u00e9 Luis Banda Cruz, cuya conducta que atenta con la poblaci\u00f3n acumula delitos como para pasar el resto de su vida en la c\u00e1rcel.<\/span><br \/>\n<span style=\"font-size: 14pt;\">Todo hace suponer que mentir sin recato es el sello personal del presidente municipal Jos\u00e9 Luis Banda Cruz, que gobierna de acuerdo con sus intereses Naranjos Amatl\u00e1n, a cuyo pueblo enga\u00f1a.<\/span><br \/>\n<span style=\"font-size: 14pt;\">A sus subordinados los convirti\u00f3 en c\u00f3mplices y a los miembros de su cabildo en sumisos incondicionales, siempre bajo amenazas, en su delirio por agotar las arcas del erario. <\/span><br \/>\n<span style=\"font-size: 14pt;\">Apropiarse del sistema de agua en un proceso, al vapor, de municipalizaci\u00f3n, para quedarse con m\u00e1s de un mill\u00f3n de pesos mensuales que recibe de los usuarios del agua potable de la ciudad de Naranjos y otras comunidades.<\/span><br \/>\n<span style=\"font-size: 14pt;\">Jos\u00e9 Luis Banda Cruz lega a la presidencia municipal por el Partido Verde Ecologista, el cual debe tener cuidado de expulsar a este sujeto que se dice protector del ambiente y de la naturaleza y le vende a la poblaci\u00f3n agua con lodo.<\/span><br \/>\n<span style=\"font-size: 14pt;\">El agua que municipaliz\u00f3 a tontas y locas es de p\u00e9sima calidad, aparece con lodo en los suministros y no es apta para beber. Esta deficiencia la conocen los funcionarios involucrados, como Amado sosa, Director de la COMAP, quien, en una entrevista publicada en un medio local, se burl\u00f3 de los usuarios.<\/span><\/p>\n<div style=\"width: 480px;\" class=\"wp-video\"><video class=\"wp-video-shortcode\" id=\"video-48357-1\" width=\"480\" height=\"856\" preload=\"metadata\" controls=\"controls\"><source type=\"video\/mp4\" src=\"http:\/\/noticiasveracruz.com\/wp-content\/uploads\/2025\/01\/WhatsApp-Video-2025-01-20-at-01.29.33.mp4?_=1\" \/><a href=\"http:\/\/noticiasveracruz.com\/wp-content\/uploads\/2025\/01\/WhatsApp-Video-2025-01-20-at-01.29.33.mp4\">http:\/\/noticiasveracruz.com\/wp-content\/uploads\/2025\/01\/WhatsApp-Video-2025-01-20-at-01.29.33.mp4<\/a><\/video><\/div>\n<p><span style=\"font-size: 14pt;\">Y dijo en todo de sorna: Pero eso s\u00ed, a nadie le falta. Comenta con cinismo que construir\u00e1n en el sitio de bombeo a la red municipal, una presa derivadora en donde aparte de almacenar el agua del r\u00edo aprovechar\u00e1n almacenar el agua de la lluvia; exhibiendo tambi\u00e9n la pobreza de sus conocimientos y experiencia le lleva a afirmar que los \u00e1rboles producen bi\u00f3xido de carbono que atrae la lluvia y por eso llevar\u00e1n a cabo la reforestaci\u00f3n del r\u00edo, afirmaciones de un digno egresado de las universidades patito propiedad del mun\u00edcipe que confunde a la CONAFOR con una empresa privada.<\/span><br \/>\n<span style=\"font-size: 14pt;\">El funcionario municipal tambi\u00e9n ignora que todas las presas, son responsabilidad federal, donde nada tiene que ver el gobierno estatal y menos el municipal.<\/span><br \/>\n<span style=\"font-size: 14pt;\">Pepe, el de la banda, llamado as\u00ed el presidente municipal por sus delitos contra la poblaci\u00f3n, a principios de agosto de 2024 por medios p\u00fablicos oficiales presume que un empresario de la localidad, citado por su nombre, fue el conducto para contactar personalmente a la Gobernadora entonces electa, para recibir la indicaci\u00f3n directa de realizar el proyecto de una presa para resolver el problema de desabasto de agua sirviendo de soporte para que el cabildo autorizara una importante suma para financiar los estudios para dicho proyecto. <\/span><br \/>\n<span style=\"font-size: 14pt;\">M\u00e1s adelante ante un pr\u00f3ximo alto funcionario enviado por Roc\u00edo Nahle, afirm\u00f3 p\u00fablicamente que el proyecto de agua ser\u00eda un reservorio, involucrando al contratista en su red de mentiras y escenarios ficticios a trav\u00e9s de manipulaciones y enga\u00f1os. De la presa y lo gastado ni recuerdo ni menci\u00f3n, lo que entr\u00f3 sali\u00f3.<\/span><br \/>\n<span style=\"font-size: 14pt;\">A casi seis meses de aquel anuncio, al pueblo solo agua con lodo, y ni presa ni reservorio porque a estas alturas, ante el compromiso de entregar la obra antes del t\u00e9rmino de su funci\u00f3n, la \u00fanica buena noticia es que se va en diciembre.<\/span><\/p>\n","protected":false},"excerpt":{"rendered":"<p>En Naranjos Amatl\u00e1n, Veracruz Por \u00c1ngel \u00c1lvaro Pe\u00f1a Cuando se brinca de un partido a otro sin mostrar por lo<\/p>\n","protected":false},"author":4,"featured_media":48358,"comment_status":"closed","ping_status":"closed","sticky":false,"template":"","format":"standard","meta":{"colormag_page_container_layout":"default_layout","colormag_page_sidebar_layout":"default_layout","_jetpack_memberships_contains_paid_content":false,"footnotes":"","jetpack_publicize_message":"","jetpack_publicize_feature_enabled":true,"jetpack_social_post_already_shared":true,"jetpack_social_options":{"image_generator_settings":{"template":"highway","default_image_id":0,"font":"","enabled":false},"version":2}},"categories":[145,356],"tags":[],"class_list":["post-48357","post","type-post","status-publish","format-standard","has-post-thumbnail","hentry","category-estados","category-veracruz"],"jetpack_publicize_connections":[],"jetpack_featured_media_url":"https:\/\/noticiasveracruz.com\/wp-content\/uploads\/2025\/01\/PP-BANDA.jpg","jetpack_sharing_enabled":true,"publishpress_future_action":{"enabled":false,"date":"2026-05-06 16:13:13","action":"change-status","newStatus":"draft","terms":[],"taxonomy":"category","extraData":[]},"publishpress_future_workflow_manual_trigger":{"enabledWorkflows":[]},"_links":{"self":[{"href":"https:\/\/noticiasveracruz.com\/index.php\/wp-json\/wp\/v2\/posts\/48357","targetHints":{"allow":["GET"]}}],"collection":[{"href":"https:\/\/noticiasveracruz.com\/index.php\/wp-json\/wp\/v2\/posts"}],"about":[{"href":"https:\/\/noticiasveracruz.com\/index.php\/wp-json\/wp\/v2\/types\/post"}],"author":[{"embeddable":true,"href":"https:\/\/noticiasveracruz.com\/index.php\/wp-json\/wp\/v2\/users\/4"}],"replies":[{"embeddable":true,"href":"https:\/\/noticiasveracruz.com\/index.php\/wp-json\/wp\/v2\/comments?post=48357"}],"version-history":[{"count":0,"href":"https:\/\/noticiasveracruz.com\/index.php\/wp-json\/wp\/v2\/posts\/48357\/revisions"}],"wp:featuredmedia":[{"embeddable":true,"href":"https:\/\/noticiasveracruz.com\/index.php\/wp-json\/wp\/v2\/media\/48358"}],"wp:attachment":[{"href":"https:\/\/noticiasveracruz.com\/index.php\/wp-json\/wp\/v2\/media?parent=48357"}],"wp:term":[{"taxonomy":"category","embeddable":true,"href":"https:\/\/noticiasveracruz.com\/index.php\/wp-json\/wp\/v2\/categories?post=48357"},{"taxonomy":"post_tag","embeddable":true,"href":"https:\/\/noticiasveracruz.com\/index.php\/wp-json\/wp\/v2\/tags?post=48357"}],"curies":[{"name":"wp","href":"https:\/\/api.w.org\/{rel}","templated":true}]}}