{"id":48318,"date":"2025-01-20T00:08:09","date_gmt":"2025-01-20T06:08:09","guid":{"rendered":"https:\/\/noticiasveracruz.com\/?p=48318"},"modified":"2025-01-19T21:01:59","modified_gmt":"2025-01-20T03:01:59","slug":"gran-receptividad-entre-alcaldes-de-eu-con-migrantes-mexicanos-moctezuma","status":"publish","type":"post","link":"https:\/\/noticiasveracruz.com\/index.php\/2025\/01\/20\/gran-receptividad-entre-alcaldes-de-eu-con-migrantes-mexicanos-moctezuma\/","title":{"rendered":"Gran receptividad entre alcaldes de EU con migrantes mexicanos: Moctezuma"},"content":{"rendered":"<p>El embajador de M\u00e9xico en Estados Unidos, Esteban Moctezuma Barrag\u00e1n, afirm\u00f3 que hay \u201cgran receptividad\u201d y \u201csolidaridad\u201d entre los alcaldes estadunidenses, tanto republicanos como dem\u00f3cratas, en torno a las necesidades de la poblaci\u00f3n migrante mexicana en ese pa\u00eds.<\/p>\n<p>Moctezuma particip\u00f3 este domingo en una reuni\u00f3n en Washington con alcaldes estadunidenses, un d\u00eda antes de que Donald Trump asuma la presidencia de ese pa\u00eds y cumpla su prop\u00f3sito de endurecer la pol\u00edtica migratoria, entre ello aplicar deportaciones masivas de inmigrantes ilegales y declarar emergencia nacional la frontera con M\u00e9xico.<\/p>\n<p>\u00abEstuve en una reuni\u00f3n, fui ponente en una reuni\u00f3n de alcaldes de Estados Unidos, vinieron de todos los lugares de este pa\u00eds, de los dos partidos, y encontr\u00e9 una gran receptividad sobre las necesidades de la poblaci\u00f3n migrante, y muchos alcaldes, comunitarios, solidarios, con la poblaci\u00f3n migrante mexicana\u201d, inform\u00f3.<\/p>\n<p>El representante del gobierno mexicano ante Estados Unidos afirm\u00f3 que tuvo la oportunidad de hablar con muchos de los alcaldes y exponerles \u201cen una ponencia el punto de vista de M\u00e9xico, en t\u00e9rminos de siempre defender los derechos de las personas, independientemente de su calidad migratoria\u201d.<\/p>\n<p>\u201cY pues fue un d\u00eda intenso en donde lo que llamamos la diplomacia subnacional, es algo que seguramente va a rendir frutos, hemos trabajado en ella durante mucho tiempo, y tenemos esa gran comunicaci\u00f3n con los alcaldes de los Estados Unidos\u201d, se\u00f1al\u00f3.<\/p>\n","protected":false},"excerpt":{"rendered":"<p>El embajador de M\u00e9xico en Estados Unidos, Esteban Moctezuma Barrag\u00e1n, afirm\u00f3 que hay \u201cgran receptividad\u201d y \u201csolidaridad\u201d entre los alcaldes<\/p>\n","protected":false},"author":4,"featured_media":48319,"comment_status":"closed","ping_status":"closed","sticky":false,"template":"","format":"standard","meta":{"colormag_page_container_layout":"default_layout","colormag_page_sidebar_layout":"default_layout","_jetpack_memberships_contains_paid_content":false,"footnotes":"","jetpack_publicize_message":"","jetpack_publicize_feature_enabled":true,"jetpack_social_post_already_shared":true,"jetpack_social_options":{"image_generator_settings":{"template":"highway","default_image_id":0,"font":"","enabled":false},"version":2}},"categories":[4],"tags":[],"class_list":["post-48318","post","type-post","status-publish","format-standard","has-post-thumbnail","hentry","category-nacional"],"jetpack_publicize_connections":[],"jetpack_featured_media_url":"https:\/\/noticiasveracruz.com\/wp-content\/uploads\/2025\/01\/ENH4VWCV2JDSPBKFI3U2JRN2T4.jpg","jetpack_sharing_enabled":true,"publishpress_future_action":{"enabled":false,"date":"2026-05-06 22:22:37","action":"change-status","newStatus":"draft","terms":[],"taxonomy":"category","extraData":[]},"publishpress_future_workflow_manual_trigger":{"enabledWorkflows":[]},"_links":{"self":[{"href":"https:\/\/noticiasveracruz.com\/index.php\/wp-json\/wp\/v2\/posts\/48318","targetHints":{"allow":["GET"]}}],"collection":[{"href":"https:\/\/noticiasveracruz.com\/index.php\/wp-json\/wp\/v2\/posts"}],"about":[{"href":"https:\/\/noticiasveracruz.com\/index.php\/wp-json\/wp\/v2\/types\/post"}],"author":[{"embeddable":true,"href":"https:\/\/noticiasveracruz.com\/index.php\/wp-json\/wp\/v2\/users\/4"}],"replies":[{"embeddable":true,"href":"https:\/\/noticiasveracruz.com\/index.php\/wp-json\/wp\/v2\/comments?post=48318"}],"version-history":[{"count":0,"href":"https:\/\/noticiasveracruz.com\/index.php\/wp-json\/wp\/v2\/posts\/48318\/revisions"}],"wp:featuredmedia":[{"embeddable":true,"href":"https:\/\/noticiasveracruz.com\/index.php\/wp-json\/wp\/v2\/media\/48319"}],"wp:attachment":[{"href":"https:\/\/noticiasveracruz.com\/index.php\/wp-json\/wp\/v2\/media?parent=48318"}],"wp:term":[{"taxonomy":"category","embeddable":true,"href":"https:\/\/noticiasveracruz.com\/index.php\/wp-json\/wp\/v2\/categories?post=48318"},{"taxonomy":"post_tag","embeddable":true,"href":"https:\/\/noticiasveracruz.com\/index.php\/wp-json\/wp\/v2\/tags?post=48318"}],"curies":[{"name":"wp","href":"https:\/\/api.w.org\/{rel}","templated":true}]}}