{"id":48315,"date":"2025-01-20T00:07:33","date_gmt":"2025-01-20T06:07:33","guid":{"rendered":"https:\/\/noticiasveracruz.com\/?p=48315"},"modified":"2025-01-19T21:00:18","modified_gmt":"2025-01-20T03:00:18","slug":"inician-diputados-panistas-campana-sobre-gasolinazo-de-morena","status":"publish","type":"post","link":"https:\/\/noticiasveracruz.com\/index.php\/2025\/01\/20\/inician-diputados-panistas-campana-sobre-gasolinazo-de-morena\/","title":{"rendered":"Inician diputados panistas campa\u00f1a sobre \u201cgasolinazo\u201d de Morena"},"content":{"rendered":"<p>La bancada de diputados federales del Partido Acci\u00f3n Nacional (PAN) arranc\u00f3 este domingo una campa\u00f1a nacional de volanteo sobre \u201cel gasolinazo\u201d que este a\u00f1o aplicaron en el pa\u00eds Morena y el gobierno de Claudia Sheinbaum.<\/p>\n<p>El diputado federal panista Daniel Chimal Garc\u00eda comenz\u00f3 con la entrega de volantes en las calles, acompa\u00f1ado de militantes y concejales panistas, as\u00ed como con ciudadanos. Afirm\u00f3 que la campa\u00f1a de informaci\u00f3n se est\u00e1 realizando de manera simult\u00e1nea en toda la Rep\u00fablica.<\/p>\n<p>\u201cQue la ciudadan\u00eda, los transportistas, los empresarios y las clases medias sepan que Morena destruye las econom\u00edas y aplica gasolinazos con dolo\u201d, se\u00f1al\u00f3.<\/p>\n<p>Reprob\u00f3 que la presidenta Claudia Sheinbaum haya avalado el aumento al precio de las gasolinas que, dijo, afecta los bolsillos de las y los mexicanos.<\/p>\n<p>\u201cAs\u00ed como el Gobierno disfraza su trampa de haber subido la gasolina hasta en 26 o 27 pesos en varios puntos del pa\u00eds, colgando mantas, as\u00ed deber\u00edan informar a los automovilistas de que sus legisladores de la 4T votaron en contra de reducir el costo de la magna y premium\u201d, apunt\u00f3.<\/p>\n<p>Seg\u00fan el legislador, el gobierno de la 4T minti\u00f3 \u201cque primero los pobres, le mintieron a M\u00e9xico y est\u00e1n subiendo la gasolina, lo que afectar\u00e1 tambi\u00e9n el transporte p\u00fablico, los servicios y productos\u201d.<\/p>\n<p>Agreg\u00f3 que paralelo a la campa\u00f1a masiva de volanteo en las calles insistir\u00e1n \u201cen cada posicionamiento, en cada posteo de redes sociales, en cada foro y todos los d\u00edas vamos a insistir en bajar la gasolina\u201d.<\/p>\n","protected":false},"excerpt":{"rendered":"<p>La bancada de diputados federales del Partido Acci\u00f3n Nacional (PAN) arranc\u00f3 este domingo una campa\u00f1a nacional de volanteo sobre \u201cel<\/p>\n","protected":false},"author":4,"featured_media":48316,"comment_status":"closed","ping_status":"closed","sticky":false,"template":"","format":"standard","meta":{"colormag_page_container_layout":"default_layout","colormag_page_sidebar_layout":"default_layout","_jetpack_memberships_contains_paid_content":false,"footnotes":"","jetpack_publicize_message":"","jetpack_publicize_feature_enabled":true,"jetpack_social_post_already_shared":true,"jetpack_social_options":{"image_generator_settings":{"template":"highway","default_image_id":0,"font":"","enabled":false},"version":2}},"categories":[4],"tags":[],"class_list":["post-48315","post","type-post","status-publish","format-standard","has-post-thumbnail","hentry","category-nacional"],"jetpack_publicize_connections":[],"jetpack_featured_media_url":"https:\/\/noticiasveracruz.com\/wp-content\/uploads\/2025\/01\/Imagen-de-WhatsApp-2025-01-19-a-las-15.43.15_551e17b6.jpg","jetpack_sharing_enabled":true,"publishpress_future_action":{"enabled":false,"date":"2026-05-06 21:35:46","action":"change-status","newStatus":"draft","terms":[],"taxonomy":"category","extraData":[]},"publishpress_future_workflow_manual_trigger":{"enabledWorkflows":[]},"_links":{"self":[{"href":"https:\/\/noticiasveracruz.com\/index.php\/wp-json\/wp\/v2\/posts\/48315","targetHints":{"allow":["GET"]}}],"collection":[{"href":"https:\/\/noticiasveracruz.com\/index.php\/wp-json\/wp\/v2\/posts"}],"about":[{"href":"https:\/\/noticiasveracruz.com\/index.php\/wp-json\/wp\/v2\/types\/post"}],"author":[{"embeddable":true,"href":"https:\/\/noticiasveracruz.com\/index.php\/wp-json\/wp\/v2\/users\/4"}],"replies":[{"embeddable":true,"href":"https:\/\/noticiasveracruz.com\/index.php\/wp-json\/wp\/v2\/comments?post=48315"}],"version-history":[{"count":0,"href":"https:\/\/noticiasveracruz.com\/index.php\/wp-json\/wp\/v2\/posts\/48315\/revisions"}],"wp:featuredmedia":[{"embeddable":true,"href":"https:\/\/noticiasveracruz.com\/index.php\/wp-json\/wp\/v2\/media\/48316"}],"wp:attachment":[{"href":"https:\/\/noticiasveracruz.com\/index.php\/wp-json\/wp\/v2\/media?parent=48315"}],"wp:term":[{"taxonomy":"category","embeddable":true,"href":"https:\/\/noticiasveracruz.com\/index.php\/wp-json\/wp\/v2\/categories?post=48315"},{"taxonomy":"post_tag","embeddable":true,"href":"https:\/\/noticiasveracruz.com\/index.php\/wp-json\/wp\/v2\/tags?post=48315"}],"curies":[{"name":"wp","href":"https:\/\/api.w.org\/{rel}","templated":true}]}}