{"id":48309,"date":"2025-01-20T00:05:29","date_gmt":"2025-01-20T06:05:29","guid":{"rendered":"https:\/\/noticiasveracruz.com\/?p=48309"},"modified":"2025-01-19T20:56:16","modified_gmt":"2025-01-20T02:56:16","slug":"comienza-entrega-de-fertilizantes-gratuitos-en-el-pais","status":"publish","type":"post","link":"https:\/\/noticiasveracruz.com\/index.php\/2025\/01\/20\/comienza-entrega-de-fertilizantes-gratuitos-en-el-pais\/","title":{"rendered":"Comienza entrega de fertilizantes gratuitos en el pa\u00eds"},"content":{"rendered":"<div id=\"article-content-tts\" class=\"nota-contenido mb-5\">\n<div id=\"content_nitf\">\n<div class=\"col col1\">\n<p class=\"s-s\">La presidenta Claudia Sheinbaum Pardo encabez\u00f3 ayer en La Monta\u00f1a de Guerrero el inicio del Programa Nacional de Fertilizantes para el Bienestar, que beneficiar\u00e1 a peque\u00f1os campesinos de todo el pa\u00eds con la entrega de un mill\u00f3n de toneladas de este art\u00edculo a 2 millones 62 mil 239 productores en atenci\u00f3n a 3 millones 346 mil hect\u00e1reas.<\/p>\n<p>Ante cientos de campesinos del estado reunidos en la unidad deportiva del municipio de San Luis Acatl\u00e1n, record\u00f3 que a diferencia del periodo neoliberal, con el inicio de la Cuarta Transformaci\u00f3n la aplicaci\u00f3n de los programas del Bienestar\u00a0<q>no es como antes, que se entregaba a cambio de algo, de pertenecer a un partido o del voto<\/q>. Ahora, sostuvo, se distribuyen de forma directa a todos los peque\u00f1os agricultores.<\/p>\n<p>La entrega gratuita de fertilizantes comenz\u00f3 en el gobierno del ex presidente Andr\u00e9s Manuel L\u00f3pez Obrador. En el contexto de la escasez de estos insumos y de la inflaci\u00f3n en los precios de los alimentos a escala global derivada de la guerra en Ucrania, el tabasque\u00f1o instruy\u00f3 a Pemex producir fertilizantes, pues el pa\u00eds importaba hasta 60 por ciento de los que requer\u00eda. El gobierno del ex presidente comenz\u00f3 a entregar a los campesinos este material en Guerrero con un programa que alcanzar\u00e1 dimensi\u00f3n nacional en el gobierno de Sheinbaum Pardo.<\/p>\n<p><q>Con la decisi\u00f3n en la administraci\u00f3n del presidente L\u00f3pez Obrador de que Pemex comenzara nuevamente a producir fertilizante, se recuper\u00f3 la soberan\u00eda en su generaci\u00f3n, y nuestro objetivo de 2024 a 2030 es producir todav\u00eda m\u00e1s fertilizante y poner a Pemex al servicio del pueblo y de los campesinos de M\u00e9xico<\/q>, afirm\u00f3 la Presidenta.<\/p>\n<p>Destac\u00f3 que para fortalecer al campo tambi\u00e9n se lanzar\u00e1 un programa integral denominado Cosechando Soberan\u00eda, con el que se entregar\u00e1n pr\u00e9stamos con bajas tasas de inter\u00e9s a peque\u00f1os campesinos.<\/p>\n<\/div>\n<div class=\"col col2\">\n<p>Ante el reclamo de los productores de que no todos son beneficiarios del programa de fertilizantes, la mandataria instruy\u00f3 que su gabinete atendiera sus demandas y se garantice que todos los campesinos de Guerrero\u00a0<q>sean beneficiados porque es su derecho y est\u00e1 en la Constituci\u00f3n<\/q>.<\/p>\n<p>A eso de la una de la tarde, la jefa del Ejecutivo se dirigi\u00f3 por carretera a Tlapa de Comonfort, un viaje de 129 kil\u00f3metros que por lo general toma tres horas y media, pero que a ella le signific\u00f3 casi siete horas debido a que fue detenida en decenas de ocasiones por pobladores de La Monta\u00f1a.<\/p>\n<p>Desde temprano, cientos de personas la esperaban a lo largo del camino. En una comunidad, los pobladores incluso colocaron piedras y troncos sobre la vialidad para intentar detener el convoy presidencial.<\/p>\n<p>Sheinbaum, acompa\u00f1ada de la gobernadora Evelyn Salgado, se detuvo a atender a los ciudadanos, algunos de los cuales demandaron ser incluidos en el censo de damnificados del hurac\u00e1n\u00a0<em>John\u00a0<\/em>o que se reparen los caminos, as\u00ed como que se dote a la regi\u00f3n de servicios b\u00e1sicos.<\/p>\n<p>Al llegar a Tlapa a eso de las siete de la noche, la Presidenta se disculp\u00f3 con las docenas de familias que la esperaban en el Centro de Rehabilitaci\u00f3n e Inclusi\u00f3n Infantil Monta\u00f1a de Guerrero, de la Fundaci\u00f3n Telet\u00f3n, donde ten\u00eda previsto entregar a las tres y media de la tarde Vales del Bienestar a ni\u00f1os con discapacidad.<\/p>\n<p>Debido al retraso, el acto protocolario fue cancelado y Sheinbaum recorri\u00f3 las instalaciones con el presidente de la fundaci\u00f3n, Fernando Landeros. Tras convivir con las familias, agradeci\u00f3 la labor de la organizaci\u00f3n y sostuvo que los apoyos que el gobierno brinda a las personas con discapacidad son un derecho constitucional.<\/p>\n<\/div>\n<\/div>\n<\/div>\n<div class=\"notas-relacionadas\"><\/div>\n<div class=\"nota-tags\"><\/div>\n","protected":false},"excerpt":{"rendered":"<p>La presidenta Claudia Sheinbaum Pardo encabez\u00f3 ayer en La Monta\u00f1a de Guerrero el inicio del Programa Nacional de Fertilizantes para<\/p>\n","protected":false},"author":4,"featured_media":48310,"comment_status":"closed","ping_status":"closed","sticky":false,"template":"","format":"standard","meta":{"colormag_page_container_layout":"default_layout","colormag_page_sidebar_layout":"default_layout","_jetpack_memberships_contains_paid_content":false,"footnotes":"","jetpack_publicize_message":"","jetpack_publicize_feature_enabled":true,"jetpack_social_post_already_shared":true,"jetpack_social_options":{"image_generator_settings":{"template":"highway","default_image_id":0,"font":"","enabled":false},"version":2}},"categories":[4],"tags":[],"class_list":["post-48309","post","type-post","status-publish","format-standard","has-post-thumbnail","hentry","category-nacional"],"jetpack_publicize_connections":[],"jetpack_featured_media_url":"https:\/\/noticiasveracruz.com\/wp-content\/uploads\/2025\/01\/f425x230-675989_689971_2630.jpg","jetpack_sharing_enabled":true,"publishpress_future_action":{"enabled":false,"date":"2026-05-09 02:45:29","action":"change-status","newStatus":"draft","terms":[],"taxonomy":"category","extraData":[]},"publishpress_future_workflow_manual_trigger":{"enabledWorkflows":[]},"_links":{"self":[{"href":"https:\/\/noticiasveracruz.com\/index.php\/wp-json\/wp\/v2\/posts\/48309","targetHints":{"allow":["GET"]}}],"collection":[{"href":"https:\/\/noticiasveracruz.com\/index.php\/wp-json\/wp\/v2\/posts"}],"about":[{"href":"https:\/\/noticiasveracruz.com\/index.php\/wp-json\/wp\/v2\/types\/post"}],"author":[{"embeddable":true,"href":"https:\/\/noticiasveracruz.com\/index.php\/wp-json\/wp\/v2\/users\/4"}],"replies":[{"embeddable":true,"href":"https:\/\/noticiasveracruz.com\/index.php\/wp-json\/wp\/v2\/comments?post=48309"}],"version-history":[{"count":0,"href":"https:\/\/noticiasveracruz.com\/index.php\/wp-json\/wp\/v2\/posts\/48309\/revisions"}],"wp:featuredmedia":[{"embeddable":true,"href":"https:\/\/noticiasveracruz.com\/index.php\/wp-json\/wp\/v2\/media\/48310"}],"wp:attachment":[{"href":"https:\/\/noticiasveracruz.com\/index.php\/wp-json\/wp\/v2\/media?parent=48309"}],"wp:term":[{"taxonomy":"category","embeddable":true,"href":"https:\/\/noticiasveracruz.com\/index.php\/wp-json\/wp\/v2\/categories?post=48309"},{"taxonomy":"post_tag","embeddable":true,"href":"https:\/\/noticiasveracruz.com\/index.php\/wp-json\/wp\/v2\/tags?post=48309"}],"curies":[{"name":"wp","href":"https:\/\/api.w.org\/{rel}","templated":true}]}}