{"id":48306,"date":"2025-01-20T00:04:27","date_gmt":"2025-01-20T06:04:27","guid":{"rendered":"https:\/\/noticiasveracruz.com\/?p=48306"},"modified":"2025-01-19T20:34:17","modified_gmt":"2025-01-20T02:34:17","slug":"mucho-que-promover-en-la-feria-internacional-de-turismo","status":"publish","type":"post","link":"https:\/\/noticiasveracruz.com\/index.php\/2025\/01\/20\/mucho-que-promover-en-la-feria-internacional-de-turismo\/","title":{"rendered":"Mucho que promover en la Feria Internacional de Turismo"},"content":{"rendered":"<p>La gobernadora de Veracruz, Roc\u00edo Nahle Garc\u00eda, comparti\u00f3 a trav\u00e9s de sus redes sociales, un resumen del trabajo realizado durante la semana que concluye en los \u00e1mbitos de educaci\u00f3n, salud, econom\u00eda y seguridad.<\/p>\n<p>En primer lugar, habl\u00f3 sobre la desinstalaci\u00f3n de c\u00e1maras de videovigilancia ilegales en municipios como Poza Rica, Tuxpan, Coatzacoalcos, C\u00f3rdoba y Acayucan, a trav\u00e9s de un operativo conjunto con las secretar\u00edas de Marina, Defensa y Seguridad P\u00fablica.<\/p>\n<p>La titular del Ejecutivo explic\u00f3 que el retiro de estos dispositivos, sin due\u00f1os y colocados en espacios p\u00fablicos de forma irregular, continuar\u00e1 de forma coordinada entre las dependencias correspondientes a fin de mantener el orden.<\/p>\n<p>Asimismo, record\u00f3 su participaci\u00f3n en el Primer Encuentro Nacional Municipal, convocado por la presidenta Claudia Sheinbaum Pardo, donde se anunci\u00f3 la creaci\u00f3n del Componente Ind\u00edgena del Fondo de Aportaciones para la Infraestructura Social.<\/p>\n<p>\u201cFue una muy buena semana, no hab\u00eda tenido tiempo de comunicarme en mis redes, pero es el reporte de lo que estamos haciendo\u201d, subray\u00f3.<\/p>\n<p>Este programa beneficiar\u00e1 por primera vez, a 13 mil comunidades de los pueblos originarios de manera directa, a trav\u00e9s de recursos asignados en el Presupuesto de Egresos de la Federaci\u00f3n.<\/p>\n","protected":false},"excerpt":{"rendered":"<p>La gobernadora de Veracruz, Roc\u00edo Nahle Garc\u00eda, comparti\u00f3 a trav\u00e9s de sus redes sociales, un resumen del trabajo realizado durante<\/p>\n","protected":false},"author":4,"featured_media":48307,"comment_status":"closed","ping_status":"closed","sticky":false,"template":"","format":"standard","meta":{"colormag_page_container_layout":"default_layout","colormag_page_sidebar_layout":"default_layout","_jetpack_memberships_contains_paid_content":false,"footnotes":"","jetpack_publicize_message":"","jetpack_publicize_feature_enabled":true,"jetpack_social_post_already_shared":true,"jetpack_social_options":{"image_generator_settings":{"template":"highway","default_image_id":0,"font":"","enabled":false},"version":2}},"categories":[356],"tags":[],"class_list":["post-48306","post","type-post","status-publish","format-standard","has-post-thumbnail","hentry","category-veracruz"],"jetpack_publicize_connections":[],"jetpack_featured_media_url":"https:\/\/noticiasveracruz.com\/wp-content\/uploads\/2025\/01\/8a-9.jpg","jetpack_sharing_enabled":true,"publishpress_future_action":{"enabled":false,"date":"2026-05-06 19:12:22","action":"change-status","newStatus":"draft","terms":[],"taxonomy":"category","extraData":[]},"publishpress_future_workflow_manual_trigger":{"enabledWorkflows":[]},"_links":{"self":[{"href":"https:\/\/noticiasveracruz.com\/index.php\/wp-json\/wp\/v2\/posts\/48306","targetHints":{"allow":["GET"]}}],"collection":[{"href":"https:\/\/noticiasveracruz.com\/index.php\/wp-json\/wp\/v2\/posts"}],"about":[{"href":"https:\/\/noticiasveracruz.com\/index.php\/wp-json\/wp\/v2\/types\/post"}],"author":[{"embeddable":true,"href":"https:\/\/noticiasveracruz.com\/index.php\/wp-json\/wp\/v2\/users\/4"}],"replies":[{"embeddable":true,"href":"https:\/\/noticiasveracruz.com\/index.php\/wp-json\/wp\/v2\/comments?post=48306"}],"version-history":[{"count":0,"href":"https:\/\/noticiasveracruz.com\/index.php\/wp-json\/wp\/v2\/posts\/48306\/revisions"}],"wp:featuredmedia":[{"embeddable":true,"href":"https:\/\/noticiasveracruz.com\/index.php\/wp-json\/wp\/v2\/media\/48307"}],"wp:attachment":[{"href":"https:\/\/noticiasveracruz.com\/index.php\/wp-json\/wp\/v2\/media?parent=48306"}],"wp:term":[{"taxonomy":"category","embeddable":true,"href":"https:\/\/noticiasveracruz.com\/index.php\/wp-json\/wp\/v2\/categories?post=48306"},{"taxonomy":"post_tag","embeddable":true,"href":"https:\/\/noticiasveracruz.com\/index.php\/wp-json\/wp\/v2\/tags?post=48306"}],"curies":[{"name":"wp","href":"https:\/\/api.w.org\/{rel}","templated":true}]}}