{"id":48303,"date":"2025-01-20T00:03:33","date_gmt":"2025-01-20T06:03:33","guid":{"rendered":"https:\/\/noticiasveracruz.com\/?p=48303"},"modified":"2025-01-19T20:33:20","modified_gmt":"2025-01-20T02:33:20","slug":"todo-listo-para-la-candelaria","status":"publish","type":"post","link":"https:\/\/noticiasveracruz.com\/index.php\/2025\/01\/20\/todo-listo-para-la-candelaria\/","title":{"rendered":"\u00a1Todo listo para La Candelaria!"},"content":{"rendered":"<p>El Gobierno de Veracruz present\u00f3 oficialmente las fiestas de La Candelaria, Celebraci\u00f3n de Amor, Son y Legado, que se llevar\u00e1n a cabo del 31 de enero al 09 de febrero en Tlacotalpan, Ciudad Patrimonio de la Humanidad.<\/p>\n<p>En colaboraci\u00f3n con las secretar\u00edas de Turismo, Cultura, Medio Ambiente (Sedema) y Protecci\u00f3n Civil, y en coordinaci\u00f3n con el Ayuntamiento, el magno evento promueve la riqueza cultural, hist\u00f3rica y tradicional del estado.<\/p>\n<p>Los asistentes podr\u00e1n disfrutar del Encuentro Internacional de Soneros, un Pabell\u00f3n Artesanal, exhibiciones de los Voladores de Papantla, presentaciones de libros, cortometrajes, poes\u00eda, m\u00fasica y danza, adem\u00e1s de talleres para aprender a bailar son jarocho.<\/p>\n<p>Tambi\u00e9n habr\u00e1 actividades como la Cabalgata Tradicional el 31 de enero a las 16:00 horas, el Embalse de Toros, las Ma\u00f1anitas y el paseo de la Virgen el 2 de febrero, y competencias de regatas programadas para las 10:00.<\/p>\n<p>As\u00ed como conciertos masivos, destacando la participaci\u00f3n de Lenin Ram\u00edrez, exvocalista del Grupo Firme, el 31 de enero; y de los Cumbia Kings el 2 de febrero, adem\u00e1s de la presentaci\u00f3n de artistas locales y grupos veracruzanos como Los Cojolites, fortaleciendo la identidad cultural de la regi\u00f3n.<\/p>\n<p>Para garantizar el bienestar de los asistentes, el operativo de seguridad contar\u00e1 con m\u00e1s de 500 elementos de los tres \u00f3rdenes de gobierno, apoyados por 50 veh\u00edculos, 10 ambulancias y personal de las secretar\u00edas de Marina, Defensa, Guardia Nacional y Seguridad P\u00fablica.<\/p>\n<p>Adem\u00e1s, se han dise\u00f1ado rutas de acceso y estacionamiento, sumado a m\u00f3dulos de orientaci\u00f3n tur\u00edstica y el refuerzo de personal de tr\u00e1nsito para asegurar un flujo vehicular \u00e1gil y minimizar congestionamientos.<\/p>\n<p>La Sedema ha dispuesto medidas para garantizar el bienestar de los toros, as\u00ed como la aplicaci\u00f3n de sanciones econ\u00f3micas a quienes incumplan las normas de respeto hacia los animales.<\/p>\n<p>Encabez\u00f3 la presentaci\u00f3n el subsecretario de Turismo, Jorge Flores Lara; las secretarias de Cultura y de Medio Ambiente, X\u00f3chitl Molina Gonz\u00e1lez y Luz Mar\u00eda Zaleta Mendoza, respectivamente; y el alcalde de Tlacotalpan, Luis Medina Aguirre.<\/p>\n","protected":false},"excerpt":{"rendered":"<p>El Gobierno de Veracruz present\u00f3 oficialmente las fiestas de La Candelaria, Celebraci\u00f3n de Amor, Son y Legado, que se llevar\u00e1n<\/p>\n","protected":false},"author":4,"featured_media":48304,"comment_status":"closed","ping_status":"closed","sticky":false,"template":"","format":"standard","meta":{"colormag_page_container_layout":"default_layout","colormag_page_sidebar_layout":"default_layout","_jetpack_memberships_contains_paid_content":false,"footnotes":"","jetpack_publicize_message":"","jetpack_publicize_feature_enabled":true,"jetpack_social_post_already_shared":true,"jetpack_social_options":{"image_generator_settings":{"template":"highway","default_image_id":0,"font":"","enabled":false},"version":2}},"categories":[356],"tags":[],"class_list":["post-48303","post","type-post","status-publish","format-standard","has-post-thumbnail","hentry","category-veracruz"],"jetpack_publicize_connections":[],"jetpack_featured_media_url":"https:\/\/noticiasveracruz.com\/wp-content\/uploads\/2025\/01\/8b-6.jpg","jetpack_sharing_enabled":true,"publishpress_future_action":{"enabled":false,"date":"2026-05-06 18:28:18","action":"change-status","newStatus":"draft","terms":[],"taxonomy":"category","extraData":[]},"publishpress_future_workflow_manual_trigger":{"enabledWorkflows":[]},"_links":{"self":[{"href":"https:\/\/noticiasveracruz.com\/index.php\/wp-json\/wp\/v2\/posts\/48303","targetHints":{"allow":["GET"]}}],"collection":[{"href":"https:\/\/noticiasveracruz.com\/index.php\/wp-json\/wp\/v2\/posts"}],"about":[{"href":"https:\/\/noticiasveracruz.com\/index.php\/wp-json\/wp\/v2\/types\/post"}],"author":[{"embeddable":true,"href":"https:\/\/noticiasveracruz.com\/index.php\/wp-json\/wp\/v2\/users\/4"}],"replies":[{"embeddable":true,"href":"https:\/\/noticiasveracruz.com\/index.php\/wp-json\/wp\/v2\/comments?post=48303"}],"version-history":[{"count":0,"href":"https:\/\/noticiasveracruz.com\/index.php\/wp-json\/wp\/v2\/posts\/48303\/revisions"}],"wp:featuredmedia":[{"embeddable":true,"href":"https:\/\/noticiasveracruz.com\/index.php\/wp-json\/wp\/v2\/media\/48304"}],"wp:attachment":[{"href":"https:\/\/noticiasveracruz.com\/index.php\/wp-json\/wp\/v2\/media?parent=48303"}],"wp:term":[{"taxonomy":"category","embeddable":true,"href":"https:\/\/noticiasveracruz.com\/index.php\/wp-json\/wp\/v2\/categories?post=48303"},{"taxonomy":"post_tag","embeddable":true,"href":"https:\/\/noticiasveracruz.com\/index.php\/wp-json\/wp\/v2\/tags?post=48303"}],"curies":[{"name":"wp","href":"https:\/\/api.w.org\/{rel}","templated":true}]}}