{"id":48300,"date":"2025-01-20T00:02:30","date_gmt":"2025-01-20T06:02:30","guid":{"rendered":"https:\/\/noticiasveracruz.com\/?p=48300"},"modified":"2025-01-19T20:32:15","modified_gmt":"2025-01-20T02:32:15","slug":"caev-digitaliza-los-servicios-de-atencion","status":"publish","type":"post","link":"https:\/\/noticiasveracruz.com\/index.php\/2025\/01\/20\/caev-digitaliza-los-servicios-de-atencion\/","title":{"rendered":"CAEV digitaliza los servicios de atenci\u00f3n"},"content":{"rendered":"<p>El Gobierno de Veracruz simplificar\u00e1, con el uso de la tecnolog\u00eda, los tr\u00e1mites que las y los veracruzanos realizan para los servicios de agua y saneamiento.<\/p>\n<p>Para ello, la Comisi\u00f3n de Agua del Estado de Veracruz contar\u00e1 con una aplicaci\u00f3n a la que pueden acceder todos los ciudadanos, sin importar el dispositivo en el que se encuentren.<\/p>\n<p>Est\u00e1 dise\u00f1ada para agilizar tr\u00e1mites, reducir tiempos de espera en oficinas y disminuir el uso de papel, permitiendo a los usuarios realizar gestiones desde cualquier lugar.<\/p>\n<p>A trav\u00e9s del Sistema Integral de Inteligencia Administrativa, el organismo busca optimizar sus procesos internos, adem\u00e1s de garantizar certeza, eficiencia y transparencia para los usuarios.<\/p>\n<p>Durante la presentaci\u00f3n de esta herramienta digital, el director general, Luis Fernando Cervantes Cruz, subray\u00f3 que la iniciativa posicionar\u00e1 a la CAEV a la vanguardia de la digitalizaci\u00f3n, una prioridad en la administraci\u00f3n de la gobernadora Roc\u00edo Nahle Garc\u00eda.<\/p>\n<p>Con la implementaci\u00f3n del Sistema Integral, Veracruz da un paso m\u00e1s hacia la modernizaci\u00f3n gubernamental, reafirmando su compromiso de brindar servicios m\u00e1s \u00e1giles, efectivos y accesibles para toda la poblaci\u00f3n.<\/p>\n","protected":false},"excerpt":{"rendered":"<p>El Gobierno de Veracruz simplificar\u00e1, con el uso de la tecnolog\u00eda, los tr\u00e1mites que las y los veracruzanos realizan para<\/p>\n","protected":false},"author":4,"featured_media":48301,"comment_status":"closed","ping_status":"closed","sticky":false,"template":"","format":"standard","meta":{"colormag_page_container_layout":"default_layout","colormag_page_sidebar_layout":"default_layout","_jetpack_memberships_contains_paid_content":false,"footnotes":"","jetpack_publicize_message":"","jetpack_publicize_feature_enabled":true,"jetpack_social_post_already_shared":true,"jetpack_social_options":{"image_generator_settings":{"template":"highway","default_image_id":0,"font":"","enabled":false},"version":2}},"categories":[356],"tags":[],"class_list":["post-48300","post","type-post","status-publish","format-standard","has-post-thumbnail","hentry","category-veracruz"],"jetpack_publicize_connections":[],"jetpack_featured_media_url":"https:\/\/noticiasveracruz.com\/wp-content\/uploads\/2025\/01\/9b-6.jpg","jetpack_sharing_enabled":true,"publishpress_future_action":{"enabled":false,"date":"2026-05-06 17:43:44","action":"change-status","newStatus":"draft","terms":[],"taxonomy":"category","extraData":[]},"publishpress_future_workflow_manual_trigger":{"enabledWorkflows":[]},"_links":{"self":[{"href":"https:\/\/noticiasveracruz.com\/index.php\/wp-json\/wp\/v2\/posts\/48300","targetHints":{"allow":["GET"]}}],"collection":[{"href":"https:\/\/noticiasveracruz.com\/index.php\/wp-json\/wp\/v2\/posts"}],"about":[{"href":"https:\/\/noticiasveracruz.com\/index.php\/wp-json\/wp\/v2\/types\/post"}],"author":[{"embeddable":true,"href":"https:\/\/noticiasveracruz.com\/index.php\/wp-json\/wp\/v2\/users\/4"}],"replies":[{"embeddable":true,"href":"https:\/\/noticiasveracruz.com\/index.php\/wp-json\/wp\/v2\/comments?post=48300"}],"version-history":[{"count":0,"href":"https:\/\/noticiasveracruz.com\/index.php\/wp-json\/wp\/v2\/posts\/48300\/revisions"}],"wp:featuredmedia":[{"embeddable":true,"href":"https:\/\/noticiasveracruz.com\/index.php\/wp-json\/wp\/v2\/media\/48301"}],"wp:attachment":[{"href":"https:\/\/noticiasveracruz.com\/index.php\/wp-json\/wp\/v2\/media?parent=48300"}],"wp:term":[{"taxonomy":"category","embeddable":true,"href":"https:\/\/noticiasveracruz.com\/index.php\/wp-json\/wp\/v2\/categories?post=48300"},{"taxonomy":"post_tag","embeddable":true,"href":"https:\/\/noticiasveracruz.com\/index.php\/wp-json\/wp\/v2\/tags?post=48300"}],"curies":[{"name":"wp","href":"https:\/\/api.w.org\/{rel}","templated":true}]}}