{"id":48288,"date":"2025-01-19T00:18:27","date_gmt":"2025-01-19T06:18:27","guid":{"rendered":"https:\/\/noticiasveracruz.com\/?p=48288"},"modified":"2025-01-18T22:02:15","modified_gmt":"2025-01-19T04:02:15","slug":"iran-inaugura-una-nueva-base-naval-subterranea-en-medio-de-tension-con-eu","status":"publish","type":"post","link":"https:\/\/noticiasveracruz.com\/index.php\/2025\/01\/19\/iran-inaugura-una-nueva-base-naval-subterranea-en-medio-de-tension-con-eu\/","title":{"rendered":"Ir\u00e1n inaugura una nueva base naval subterr\u00e1nea en medio de tensi\u00f3n con EU"},"content":{"rendered":"<p>Ir\u00e1n inaugur\u00f3 el s\u00e1bado una base subterr\u00e1nea de misiles navales en un lugar no revelado del Golfo, seg\u00fan la televisi\u00f3n estatal, dos d\u00edas antes del inicio del segundo mandato de Donald Trump como presidente.<\/p>\n<p>La inauguraci\u00f3n se produjo mientras se espera que aumente la tensi\u00f3n con Washington. Los l\u00edderes iran\u00edes temen que Trump autorice al primer ministro israel\u00ed, Benjamin Netanyahu, a atacar sus instalaciones nucleares, al tiempo que endurece las sanciones estadounidenses contra su industria petrolera mediante su pol\u00edtica de \u00abm\u00e1xima presi\u00f3n\u00bb.<\/p>\n<p>La televisi\u00f3n estatal mostr\u00f3 al jefe de la Guardia Revolucionaria, el general Hossein Salami, visitando la base secreta. Dijo que era una de las varias construidas bajo tierra para lanzar misiles de largo alcance y llevar a cabo una guerra a distancia.<\/p>\n<p>La televisi\u00f3n estatal dijo que la base se hab\u00eda construido a una profundidad de 500 metros en alg\u00fan lugar del Golfo y mostr\u00f3 t\u00faneles con largas filas de lo que dijo que era una nueva versi\u00f3n de lanchas r\u00e1pidas evasoras de radares de clase Taregh que pueden lanzar misiles de crucero.<\/p>\n<p>A principios de este mes, Ir\u00e1n inici\u00f3 unas maniobras militares que durar\u00e1n dos meses y que han incluido juegos de guerra en los que la Guardia Revolucionaria defendi\u00f3 las instalaciones nucleares de Natanz de ataques simulados con misiles y aviones no tripulados.<\/p>\n","protected":false},"excerpt":{"rendered":"<p>Ir\u00e1n inaugur\u00f3 el s\u00e1bado una base subterr\u00e1nea de misiles navales en un lugar no revelado del Golfo, seg\u00fan la televisi\u00f3n<\/p>\n","protected":false},"author":4,"featured_media":48289,"comment_status":"closed","ping_status":"closed","sticky":false,"template":"","format":"standard","meta":{"colormag_page_container_layout":"default_layout","colormag_page_sidebar_layout":"default_layout","_jetpack_memberships_contains_paid_content":false,"footnotes":"","jetpack_publicize_message":"","jetpack_publicize_feature_enabled":true,"jetpack_social_post_already_shared":true,"jetpack_social_options":{"image_generator_settings":{"template":"highway","default_image_id":0,"font":"","enabled":false},"version":2}},"categories":[355],"tags":[],"class_list":["post-48288","post","type-post","status-publish","format-standard","has-post-thumbnail","hentry","category-internacional"],"jetpack_publicize_connections":[],"jetpack_featured_media_url":"https:\/\/noticiasveracruz.com\/wp-content\/uploads\/2025\/01\/AA1xryS6.jpg","jetpack_sharing_enabled":true,"publishpress_future_action":{"enabled":false,"date":"2026-05-06 15:31:49","action":"change-status","newStatus":"draft","terms":[],"taxonomy":"category","extraData":[]},"publishpress_future_workflow_manual_trigger":{"enabledWorkflows":[]},"_links":{"self":[{"href":"https:\/\/noticiasveracruz.com\/index.php\/wp-json\/wp\/v2\/posts\/48288","targetHints":{"allow":["GET"]}}],"collection":[{"href":"https:\/\/noticiasveracruz.com\/index.php\/wp-json\/wp\/v2\/posts"}],"about":[{"href":"https:\/\/noticiasveracruz.com\/index.php\/wp-json\/wp\/v2\/types\/post"}],"author":[{"embeddable":true,"href":"https:\/\/noticiasveracruz.com\/index.php\/wp-json\/wp\/v2\/users\/4"}],"replies":[{"embeddable":true,"href":"https:\/\/noticiasveracruz.com\/index.php\/wp-json\/wp\/v2\/comments?post=48288"}],"version-history":[{"count":0,"href":"https:\/\/noticiasveracruz.com\/index.php\/wp-json\/wp\/v2\/posts\/48288\/revisions"}],"wp:featuredmedia":[{"embeddable":true,"href":"https:\/\/noticiasveracruz.com\/index.php\/wp-json\/wp\/v2\/media\/48289"}],"wp:attachment":[{"href":"https:\/\/noticiasveracruz.com\/index.php\/wp-json\/wp\/v2\/media?parent=48288"}],"wp:term":[{"taxonomy":"category","embeddable":true,"href":"https:\/\/noticiasveracruz.com\/index.php\/wp-json\/wp\/v2\/categories?post=48288"},{"taxonomy":"post_tag","embeddable":true,"href":"https:\/\/noticiasveracruz.com\/index.php\/wp-json\/wp\/v2\/tags?post=48288"}],"curies":[{"name":"wp","href":"https:\/\/api.w.org\/{rel}","templated":true}]}}