{"id":48179,"date":"2025-01-18T00:04:09","date_gmt":"2025-01-18T06:04:09","guid":{"rendered":"https:\/\/noticiasveracruz.com\/?p=48179"},"modified":"2025-01-17T21:16:30","modified_gmt":"2025-01-18T03:16:30","slug":"veracruz-destaca-el-papel-del-colegio-de-contadores-publicos-en-la-transparencia-y-rendicion-de-cuentas","status":"publish","type":"post","link":"https:\/\/noticiasveracruz.com\/index.php\/2025\/01\/18\/veracruz-destaca-el-papel-del-colegio-de-contadores-publicos-en-la-transparencia-y-rendicion-de-cuentas\/","title":{"rendered":"Veracruz destaca el papel del Colegio de Contadores P\u00fablicos en la transparencia y rendici\u00f3n de cuentas"},"content":{"rendered":"<p>La gobernadora de Veracruz, Roc\u00edo Nahle Garc\u00eda, particip\u00f3 en la toma de protesta del nuevo Consejo Directivo del Colegio de Contadores P\u00fablicos de Xalapa, destacando la importancia del gremio en la promoci\u00f3n de la legalidad, la transparencia y la rendici\u00f3n de cuentas en la administraci\u00f3n p\u00fablica.<\/p>\n<p>En su intervenci\u00f3n, Nahle Garc\u00eda se\u00f1al\u00f3 que el gobierno no se construye en solitario ni con la participaci\u00f3n de un solo partido pol\u00edtico, sino en colaboraci\u00f3n con profesionales de diversos \u00e1mbitos, siendo la contabilidad una herramienta esencial para lograr una gesti\u00f3n efectiva.<\/p>\n<p>Adem\u00e1s, subray\u00f3 la relevancia de ofrecer oportunidades a nuevos profesionales y estudiantes de contabilidad, destacando que los despachos contables son espacios clave para su formaci\u00f3n y desarrollo.<\/p>\n<p>La ceremonia, que tambi\u00e9n cont\u00f3 con la presencia de la vicepresidenta del Instituto Mexicano de Contadores P\u00fablicos, Ludivina Leija Rodr\u00edguez, y representantes de colegios de contadores de diferentes estados, culmin\u00f3 con la felicitaci\u00f3n de la gobernadora al nuevo Consejo Directivo, encabezado por Jos\u00e9 Pascual Burgos Cervantes, para el bienio 2025-2026. La mandataria estatal reafirm\u00f3 su compromiso de seguir trabajando en conjunto para el bienestar de Veracruz.<\/p>\n","protected":false},"excerpt":{"rendered":"<p>La gobernadora de Veracruz, Roc\u00edo Nahle Garc\u00eda, particip\u00f3 en la toma de protesta del nuevo Consejo Directivo del Colegio de<\/p>\n","protected":false},"author":4,"featured_media":48180,"comment_status":"closed","ping_status":"closed","sticky":false,"template":"","format":"standard","meta":{"colormag_page_container_layout":"default_layout","colormag_page_sidebar_layout":"default_layout","_jetpack_memberships_contains_paid_content":false,"footnotes":"","jetpack_publicize_message":"","jetpack_publicize_feature_enabled":true,"jetpack_social_post_already_shared":true,"jetpack_social_options":{"image_generator_settings":{"template":"highway","default_image_id":0,"font":"","enabled":false},"version":2}},"categories":[356],"tags":[],"class_list":["post-48179","post","type-post","status-publish","format-standard","has-post-thumbnail","hentry","category-veracruz"],"jetpack_publicize_connections":[],"jetpack_featured_media_url":"https:\/\/noticiasveracruz.com\/wp-content\/uploads\/2025\/01\/CONT.jpg","jetpack_sharing_enabled":true,"publishpress_future_action":{"enabled":false,"date":"2026-05-09 05:18:24","action":"change-status","newStatus":"draft","terms":[],"taxonomy":"category","extraData":[]},"publishpress_future_workflow_manual_trigger":{"enabledWorkflows":[]},"_links":{"self":[{"href":"https:\/\/noticiasveracruz.com\/index.php\/wp-json\/wp\/v2\/posts\/48179","targetHints":{"allow":["GET"]}}],"collection":[{"href":"https:\/\/noticiasveracruz.com\/index.php\/wp-json\/wp\/v2\/posts"}],"about":[{"href":"https:\/\/noticiasveracruz.com\/index.php\/wp-json\/wp\/v2\/types\/post"}],"author":[{"embeddable":true,"href":"https:\/\/noticiasveracruz.com\/index.php\/wp-json\/wp\/v2\/users\/4"}],"replies":[{"embeddable":true,"href":"https:\/\/noticiasveracruz.com\/index.php\/wp-json\/wp\/v2\/comments?post=48179"}],"version-history":[{"count":0,"href":"https:\/\/noticiasveracruz.com\/index.php\/wp-json\/wp\/v2\/posts\/48179\/revisions"}],"wp:featuredmedia":[{"embeddable":true,"href":"https:\/\/noticiasveracruz.com\/index.php\/wp-json\/wp\/v2\/media\/48180"}],"wp:attachment":[{"href":"https:\/\/noticiasveracruz.com\/index.php\/wp-json\/wp\/v2\/media?parent=48179"}],"wp:term":[{"taxonomy":"category","embeddable":true,"href":"https:\/\/noticiasveracruz.com\/index.php\/wp-json\/wp\/v2\/categories?post=48179"},{"taxonomy":"post_tag","embeddable":true,"href":"https:\/\/noticiasveracruz.com\/index.php\/wp-json\/wp\/v2\/tags?post=48179"}],"curies":[{"name":"wp","href":"https:\/\/api.w.org\/{rel}","templated":true}]}}