{"id":48176,"date":"2025-01-18T00:03:01","date_gmt":"2025-01-18T06:03:01","guid":{"rendered":"https:\/\/noticiasveracruz.com\/?p=48176"},"modified":"2025-01-17T21:13:55","modified_gmt":"2025-01-18T03:13:55","slug":"yunes-marquez-en-la-bancada-de-morena-dice-jorge-romero","status":"publish","type":"post","link":"https:\/\/noticiasveracruz.com\/index.php\/2025\/01\/18\/yunes-marquez-en-la-bancada-de-morena-dice-jorge-romero\/","title":{"rendered":"Yunes M\u00e1rquez, en la bancada de Morena, dice Jorge Romero"},"content":{"rendered":"<p>\u201cArchivado\u201d as\u00ed consider\u00f3 el tema de la familia Yunes, el presidente Nacional del Partido Acci\u00f3n Nacional (PAN), Jorge Romero. \u201cPara nosotros \u00e9l pr\u00e1cticamente ya funciona en otro grupo parlamentario, fue su decisi\u00f3n, nos queda claro\u201d, indic\u00f3.<br \/>\nRomero asegur\u00f3 que el senador Miguel \u00c1ngel Yunes M\u00e1rquez ya no est\u00e1 formando parte de la bancada del PAN en el Senado de la Rep\u00fablica, sin embargo, su hermano, Fernando Yunes, diputado local, todav\u00eda forma parte del albiazul.<br \/>\n\u201cEn el caso del senador todos lo sabemos, la historia, estamos conscientes de la decisi\u00f3n que \u00e9l tom\u00f3, (\u2026) de la inmensa repercusi\u00f3n que gener\u00f3 esa decisi\u00f3n y para nosotros es tema archivado, como acci\u00f3n Nacional\u201d, explic\u00f3.<br \/>\nDurante su visita a Veracruz con motivo de la instalaci\u00f3n de la Mesa Nacional Electoral, afirm\u00f3 que el senador Yunes M\u00e1rquez ya act\u00faa de acuerdo con las decisiones de Morena. Dijo que el diputado local, Yunes M\u00e1rquez, no puede ser juzgado s\u00f3lo por formar parte de cierta familia. \u201c\u00c9l no es una pena trascendental, esto significa cuando se le otorga una persona por la cercan\u00eda a una persona que cometi\u00f3 una acci\u00f3n, esto es inconstitucional, ni las creo yo, ni las va a adquirir el PAN\u201d.<br \/>\nRespecto al m\u00e9todo de elecci\u00f3n de sus candidatos, afirm\u00f3 que no ser\u00e1n las c\u00fapulas del panismo las que decidir\u00e1n qui\u00e9nes ser\u00e1n los candidatos para el proceso electoral.<br \/>\n\u201cNo vamos a ser tres o cuatro personas no vamos a ser el presidente estatal y nacional quienes decidamos, vamos a encontrar el m\u00e9todo que ser\u00e1 mezcla entre encuestas y elecciones primarias con la opini\u00f3n de nuestra militancia, se est\u00e1 definiendo aqu\u00ed y en Durango\u201d, afirm\u00f3.<br \/>\nBuscar\u00e1n emitir una convocatoria para elegir el m\u00e9todo para que sea la gente la que elija las candidaturas.<\/p>\n","protected":false},"excerpt":{"rendered":"<p>\u201cArchivado\u201d as\u00ed consider\u00f3 el tema de la familia Yunes, el presidente Nacional del Partido Acci\u00f3n Nacional (PAN), Jorge Romero. \u201cPara<\/p>\n","protected":false},"author":4,"featured_media":48177,"comment_status":"closed","ping_status":"closed","sticky":false,"template":"","format":"standard","meta":{"colormag_page_container_layout":"default_layout","colormag_page_sidebar_layout":"default_layout","_jetpack_memberships_contains_paid_content":false,"footnotes":"","jetpack_publicize_message":"","jetpack_publicize_feature_enabled":true,"jetpack_social_post_already_shared":true,"jetpack_social_options":{"image_generator_settings":{"template":"highway","default_image_id":0,"font":"","enabled":false},"version":2}},"categories":[356],"tags":[],"class_list":["post-48176","post","type-post","status-publish","format-standard","has-post-thumbnail","hentry","category-veracruz"],"jetpack_publicize_connections":[],"jetpack_featured_media_url":"https:\/\/noticiasveracruz.com\/wp-content\/uploads\/2025\/01\/pan-veracruz-traicion-yunes-marquez.jpg","jetpack_sharing_enabled":true,"publishpress_future_action":{"enabled":false,"date":"2026-05-07 11:40:05","action":"change-status","newStatus":"draft","terms":[],"taxonomy":"category","extraData":[]},"publishpress_future_workflow_manual_trigger":{"enabledWorkflows":[]},"_links":{"self":[{"href":"https:\/\/noticiasveracruz.com\/index.php\/wp-json\/wp\/v2\/posts\/48176","targetHints":{"allow":["GET"]}}],"collection":[{"href":"https:\/\/noticiasveracruz.com\/index.php\/wp-json\/wp\/v2\/posts"}],"about":[{"href":"https:\/\/noticiasveracruz.com\/index.php\/wp-json\/wp\/v2\/types\/post"}],"author":[{"embeddable":true,"href":"https:\/\/noticiasveracruz.com\/index.php\/wp-json\/wp\/v2\/users\/4"}],"replies":[{"embeddable":true,"href":"https:\/\/noticiasveracruz.com\/index.php\/wp-json\/wp\/v2\/comments?post=48176"}],"version-history":[{"count":0,"href":"https:\/\/noticiasveracruz.com\/index.php\/wp-json\/wp\/v2\/posts\/48176\/revisions"}],"wp:featuredmedia":[{"embeddable":true,"href":"https:\/\/noticiasveracruz.com\/index.php\/wp-json\/wp\/v2\/media\/48177"}],"wp:attachment":[{"href":"https:\/\/noticiasveracruz.com\/index.php\/wp-json\/wp\/v2\/media?parent=48176"}],"wp:term":[{"taxonomy":"category","embeddable":true,"href":"https:\/\/noticiasveracruz.com\/index.php\/wp-json\/wp\/v2\/categories?post=48176"},{"taxonomy":"post_tag","embeddable":true,"href":"https:\/\/noticiasveracruz.com\/index.php\/wp-json\/wp\/v2\/tags?post=48176"}],"curies":[{"name":"wp","href":"https:\/\/api.w.org\/{rel}","templated":true}]}}