{"id":48173,"date":"2025-01-18T00:02:19","date_gmt":"2025-01-18T06:02:19","guid":{"rendered":"https:\/\/noticiasveracruz.com\/?p=48173"},"modified":"2025-01-17T21:11:01","modified_gmt":"2025-01-18T03:11:01","slug":"definen-presupuesto-para-obras-y-seguridad-en-el-encuentro-nacional-municipal","status":"publish","type":"post","link":"https:\/\/noticiasveracruz.com\/index.php\/2025\/01\/18\/definen-presupuesto-para-obras-y-seguridad-en-el-encuentro-nacional-municipal\/","title":{"rendered":"Definen presupuesto para obras y seguridad en el Encuentro Nacional Municipal"},"content":{"rendered":"<p>Roc\u00edo Nahle Garc\u00eda, gobernadora de Veracruz, form\u00f3 parte del Encuentro Nacional Municipal, convocado por la presidenta Claudia Sheinbaum Pardo, para definir el presupuesto destinado a obras p\u00fablicas, infraestructura hidr\u00e1ulica, carreteras, y medidas para fortalecer la seguridad y la paz social.<\/p>\n<p>Este evento, realizado en el World Trade Center de la Ciudad de M\u00e9xico, marc\u00f3 un hito al reunir a las y los gobernadores, integrantes del Gabinete Federal y los 2 mil 475 presidentes municipales del pa\u00eds, con el objetivo de fortalecer la colaboraci\u00f3n entre el Gobierno Federal y los municipios.<\/p>\n<p>Durante el di\u00e1logo, la presidenta Sheinbaum present\u00f3 cuatro prioridades clave: redistribuir el presupuesto del Fondo para Infraestructura, destinar recursos a proyectos de agua potable y saneamiento, atender las causas estructurales de la violencia, y promover los Senderos de Paz mediante iniciativas como \u00abS\u00ed al desarme, S\u00ed a la paz\u00bb.<\/p>\n<p>Especial atenci\u00f3n se dio a las comunidades ind\u00edgenas y afromexicanas, en consonancia con las recientes modificaciones a la Constituci\u00f3n Mexicana, subrayando la importancia de garantizar su inclusi\u00f3n y bienestar en los planes de desarrollo.<\/p>\n<p>La participaci\u00f3n de Nahle Garc\u00eda destac\u00f3 el compromiso de Veracruz con estas estrategias, encaminadas a mejorar las condiciones de vida y la seguridad de su poblaci\u00f3n, reafirmando su papel en la construcci\u00f3n de un M\u00e9xico m\u00e1s equitativo y pac\u00edfico.<\/p>\n","protected":false},"excerpt":{"rendered":"<p>Roc\u00edo Nahle Garc\u00eda, gobernadora de Veracruz, form\u00f3 parte del Encuentro Nacional Municipal, convocado por la presidenta Claudia Sheinbaum Pardo, para<\/p>\n","protected":false},"author":4,"featured_media":48174,"comment_status":"closed","ping_status":"closed","sticky":false,"template":"","format":"standard","meta":{"colormag_page_container_layout":"default_layout","colormag_page_sidebar_layout":"default_layout","_jetpack_memberships_contains_paid_content":false,"footnotes":"","jetpack_publicize_message":"","jetpack_publicize_feature_enabled":true,"jetpack_social_post_already_shared":true,"jetpack_social_options":{"image_generator_settings":{"template":"highway","default_image_id":0,"font":"","enabled":false},"version":2}},"categories":[356],"tags":[],"class_list":["post-48173","post","type-post","status-publish","format-standard","has-post-thumbnail","hentry","category-veracruz"],"jetpack_publicize_connections":[],"jetpack_featured_media_url":"https:\/\/noticiasveracruz.com\/wp-content\/uploads\/2025\/01\/8a-8.jpg","jetpack_sharing_enabled":true,"publishpress_future_action":{"enabled":false,"date":"2026-05-07 10:52:43","action":"change-status","newStatus":"draft","terms":[],"taxonomy":"category","extraData":[]},"publishpress_future_workflow_manual_trigger":{"enabledWorkflows":[]},"_links":{"self":[{"href":"https:\/\/noticiasveracruz.com\/index.php\/wp-json\/wp\/v2\/posts\/48173","targetHints":{"allow":["GET"]}}],"collection":[{"href":"https:\/\/noticiasveracruz.com\/index.php\/wp-json\/wp\/v2\/posts"}],"about":[{"href":"https:\/\/noticiasveracruz.com\/index.php\/wp-json\/wp\/v2\/types\/post"}],"author":[{"embeddable":true,"href":"https:\/\/noticiasveracruz.com\/index.php\/wp-json\/wp\/v2\/users\/4"}],"replies":[{"embeddable":true,"href":"https:\/\/noticiasveracruz.com\/index.php\/wp-json\/wp\/v2\/comments?post=48173"}],"version-history":[{"count":0,"href":"https:\/\/noticiasveracruz.com\/index.php\/wp-json\/wp\/v2\/posts\/48173\/revisions"}],"wp:featuredmedia":[{"embeddable":true,"href":"https:\/\/noticiasveracruz.com\/index.php\/wp-json\/wp\/v2\/media\/48174"}],"wp:attachment":[{"href":"https:\/\/noticiasveracruz.com\/index.php\/wp-json\/wp\/v2\/media?parent=48173"}],"wp:term":[{"taxonomy":"category","embeddable":true,"href":"https:\/\/noticiasveracruz.com\/index.php\/wp-json\/wp\/v2\/categories?post=48173"},{"taxonomy":"post_tag","embeddable":true,"href":"https:\/\/noticiasveracruz.com\/index.php\/wp-json\/wp\/v2\/tags?post=48173"}],"curies":[{"name":"wp","href":"https:\/\/api.w.org\/{rel}","templated":true}]}}