{"id":48161,"date":"2025-01-17T00:21:36","date_gmt":"2025-01-17T06:21:36","guid":{"rendered":"https:\/\/noticiasveracruz.com\/?p=48161"},"modified":"2025-01-16T23:30:25","modified_gmt":"2025-01-17T05:30:25","slug":"renato-alarcon-va-por-el-partido-verde-en-emiliano-zapata","status":"publish","type":"post","link":"https:\/\/noticiasveracruz.com\/index.php\/2025\/01\/17\/renato-alarcon-va-por-el-partido-verde-en-emiliano-zapata\/","title":{"rendered":"Renato Alarc\u00f3n: va por el Partido Verde en Emiliano Zapata"},"content":{"rendered":"<ul>\n<li style=\"font-weight: 400;\"><strong>Ser\u00e1 la propuesta que presenten para la presidencia municipal<\/strong><\/li>\n<li style=\"font-weight: 400;\"><strong>Conectar con un electorado que busca soluciones sostenibles a los problemas actuales<\/strong><\/li>\n<li style=\"font-weight: 400;\"><strong>La tierra es fundamental en un municipio que depende en gran medida de la agricultura<\/strong><\/li>\n<\/ul>\n<p style=\"font-weight: 400;\"><strong>Por Miguel \u00c1ngel Cristiani G.<\/strong><\/p>\n<p style=\"font-weight: 400;\">En sus redes sociales, Renato Alarc\u00f3n dio a conocer que finalmente, ser\u00e1 la propuesta de candidato del Partido Verde Ecologista para la presidencia municipal de Emiliano Zapata.<\/p>\n<p style=\"font-weight: 400;\">Renato Alarc\u00f3n no es un desconocido en la pol\u00edtica. Su carrera ha estado marcada por un compromiso constante con el medio ambiente y la sustentabilidad. A lo largo de los a\u00f1os, ha ocupado diversos cargos en la administraci\u00f3n p\u00fablica, donde ha demostrado su capacidad para gestionar proyectos que benefician tanto a la comunidad como al entorno natural.<\/p>\n<p style=\"font-weight: 400;\">Alarc\u00f3n es ingeniero agr\u00f3nomo de formaci\u00f3n. Esta base le otorga una perspectiva \u00fanica en un mundo que cada vez m\u00e1s reconoce la importancia de la sostenibilidad. Su experiencia en el sector agr\u00edcola lo ha llevado a abogar por pr\u00e1cticas m\u00e1s responsables y amigables con el medio ambiente. Esta conexi\u00f3n con la tierra es fundamental en un municipio que depende en gran medida de la agricultura.<\/p>\n<p style=\"font-weight: 400;\">El Partido Verde, conocido oficialmente como el Partido Verde Ecologista de M\u00e9xico (PVEM), ha crecido en relevancia en los \u00faltimos a\u00f1os. Su enfoque en la protecci\u00f3n del medio ambiente y la promoci\u00f3n de pol\u00edticas ecol\u00f3gicas resuena con un n\u00famero creciente de ciudadanos preocupados por el futuro del planeta.<\/p>\n<p style=\"font-weight: 400;\">La elecci\u00f3n de Renato Alarc\u00f3n como candidato del partido no es casualidad. Refleja una estrategia clara: conectar con un electorado que busca soluciones sostenibles a los problemas actuales. Alarc\u00f3n encarna los valores del PVEM y est\u00e1 listo para llevar esa visi\u00f3n a la pr\u00e1ctica en Emiliano Zapata.<\/p>\n<ul>\n<li style=\"font-weight: 400;\"><strong>Desaf\u00edos del Municipio<\/strong><\/li>\n<\/ul>\n<p style=\"font-weight: 400;\">Emiliano Zapata enfrenta m\u00faltiples desaf\u00edos. Ya pr\u00e1cticamente forma una conurbaci\u00f3n con la capital del Estado Xalapa. La urbanizaci\u00f3n desmedida, la contaminaci\u00f3n y el manejo ineficiente de los recursos son solo algunos de los problemas que requieren atenci\u00f3n urgente. Adem\u00e1s, la poblaci\u00f3n est\u00e1 cada vez m\u00e1s consciente de la necesidad de un cambio.<\/p>\n<p style=\"font-weight: 400;\">La llegada de Alarc\u00f3n al escenario pol\u00edtico puede ser la respuesta a estas inquietudes. Su enfoque proactivo y su capacidad para movilizar a la comunidad son cualidades que podr\u00edan marcar una diferencia significativa.<\/p>\n<p style=\"font-weight: 400;\">Uno de los principales problemas en Emiliano Zapata es la urbanizaci\u00f3n descontrolada. A medida que m\u00e1s personas se trasladan al municipio en busca de mejores oportunidades, la presi\u00f3n sobre los recursos naturales aumenta. Esto ha llevado a la degradaci\u00f3n del medio ambiente.<\/p>\n<p style=\"font-weight: 400;\">Alarc\u00f3n ha manifestado su intenci\u00f3n de implementar pol\u00edticas que promuevan un desarrollo urbano sostenible. Esto incluye la creaci\u00f3n de espacios verdes, la conservaci\u00f3n de \u00e1reas naturales y el impulso de proyectos que utilicen tecnolog\u00edas limpias. Su experiencia en gesti\u00f3n ambiental ser\u00e1 clave para abordar estos retos.<\/p>\n<p style=\"font-weight: 400;\">Un aspecto fundamental de la campa\u00f1a de Renato Alarc\u00f3n es la participaci\u00f3n ciudadana. \u00c9l entiende que la pol\u00edtica no debe ser un asunto exclusivo de los pol\u00edticos. La comunidad debe tener voz y voto en las decisiones que afectan su vida diaria.<\/p>\n<p style=\"font-weight: 400;\">Alarc\u00f3n planea establecer foros y mesas de trabajo donde los ciudadanos puedan expresar sus inquietudes y propuestas. Esto no solo fomentar\u00e1 la transparencia, sino que tambi\u00e9n generar\u00e1 un sentido de pertenencia y responsabilidad compartida en la poblaci\u00f3n.<\/p>\n<ul>\n<li style=\"font-weight: 400;\"><strong>Propuestas Clave de Renato Alarc\u00f3n<\/strong><\/li>\n<\/ul>\n<p style=\"font-weight: 400;\">La campa\u00f1a de Renato Alarc\u00f3n no se basa solo en buenas intenciones. Tiene propuestas concretas que buscan transformar Emiliano Zapata. Aqu\u00ed algunas de las m\u00e1s destacadas:<\/p>\n<ol>\n<li style=\"font-weight: 400;\"><strong>Educaci\u00f3n Ambiental<\/strong><\/li>\n<\/ol>\n<p style=\"font-weight: 400;\">Fomentar la educaci\u00f3n ambiental desde las escuelas es crucial. Alarc\u00f3n propone incluir programas educativos que ense\u00f1en a los ni\u00f1os y j\u00f3venes sobre la importancia de cuidar el medio ambiente. Esto no solo crea conciencia, sino que tambi\u00e9n forma ciudadanos responsables y comprometidos.<\/p>\n<ol start=\"2\">\n<li style=\"font-weight: 400;\"><strong>Gesti\u00f3n de Residuos<\/strong><\/li>\n<\/ol>\n<p style=\"font-weight: 400;\">El manejo adecuado de los residuos es un tema cr\u00edtico. Alarc\u00f3n planea implementar un sistema de reciclaje eficiente y campa\u00f1as de sensibilizaci\u00f3n para reducir la generaci\u00f3n de basura. La meta es convertir a Emiliano Zapata en un municipio m\u00e1s limpio y ordenado.<\/p>\n<ol start=\"3\">\n<li style=\"font-weight: 400;\"><strong>Fortalecimiento de la Agricultura Sostenible<\/strong><\/li>\n<\/ol>\n<p style=\"font-weight: 400;\">Dado que la agricultura es la base econ\u00f3mica del municipio, Alarc\u00f3n busca promover pr\u00e1cticas agr\u00edcolas sostenibles. Esto incluye el uso de t\u00e9cnicas que respeten el medio ambiente y que aumenten la productividad sin da\u00f1ar los recursos naturales.<\/p>\n<ol start=\"4\">\n<li style=\"font-weight: 400;\"><strong>Movilidad Sostenible<\/strong><\/li>\n<\/ol>\n<p style=\"font-weight: 400;\">La congesti\u00f3n vehicular y la contaminaci\u00f3n del aire son problemas que afectan a muchas ciudades, y Emiliano Zapata no es la excepci\u00f3n. Alarc\u00f3n propone fomentar el uso de transporte p\u00fablico y alternativas de movilidad como bicicletas. Esto no solo mejorar\u00e1 la calidad del aire, sino que tambi\u00e9n contribuir\u00e1 a la salud de los ciudadanos.<\/p>\n<ul>\n<li style=\"font-weight: 400;\"><strong>La Respuesta de la Comunidad<\/strong><\/li>\n<\/ul>\n<p style=\"font-weight: 400;\">La postulaci\u00f3n de Renato Alarc\u00f3n ha generado reacciones mixtas en la comunidad. Muchos ciudadanos ven en \u00e9l una oportunidad para un cambio real. La juventud, en particular, ha mostrado un gran inter\u00e9s en sus propuestas, lo que podr\u00eda traducirse en un mayor nivel de participaci\u00f3n en las pr\u00f3ximas elecciones.<\/p>\n<p style=\"font-weight: 400;\">Sin embargo, tambi\u00e9n existen escepticismos. Algunos cr\u00edticos cuestionan si Alarc\u00f3n podr\u00e1 llevar a cabo todas sus promesas, dadas las limitaciones presupuestarias y la burocracia en el gobierno local. Este es un reto que cualquier candidato debe enfrentar, y Alarc\u00f3n no es la excepci\u00f3n.<\/p>\n<ul>\n<li style=\"font-weight: 400;\"><strong>La Campa\u00f1a Electoral<\/strong><\/li>\n<\/ul>\n<p style=\"font-weight: 400;\">La campa\u00f1a electoral de Renato Alarc\u00f3n promete ser din\u00e1mica. Con un enfoque en el contacto directo con los ciudadanos, se espera que Alarc\u00f3n realice recorridos por diferentes colonias del municipio. Estos encuentros le permitir\u00e1n conocer de primera mano las preocupaciones de los habitantes.<\/p>\n<p style=\"font-weight: 400;\">Las redes sociales jugar\u00e1n un papel crucial en su estrategia de comunicaci\u00f3n. Alarc\u00f3n ha sabido utilizar plataformas digitales para difundir sus mensajes y conectar con un p\u00fablico m\u00e1s joven. Esto puede ser un factor determinante en la movilizaci\u00f3n del electorado.<\/p>\n<ul>\n<li style=\"font-weight: 400;\"><strong>Un Futuro Sostenible<\/strong><\/li>\n<\/ul>\n<p style=\"font-weight: 400;\">La candidatura de Renato Alarc\u00f3n se presenta como una oportunidad para transformar Emiliano Zapata. Su enfoque en la sostenibilidad y la participaci\u00f3n ciudadana puede marcar el inicio de una nueva era en la pol\u00edtica local. La comunidad tiene en sus manos la decisi\u00f3n de apoyar a un candidato que promete no solo escuchar, sino actuar en beneficio del municipio.<\/p>\n<p style=\"font-weight: 400;\">En un mundo que enfrenta desaf\u00edos ambientales sin precedentes, la elecci\u00f3n de l\u00edderes comprometidos con el desarrollo sostenible es m\u00e1s crucial que nunca. Renato Alarc\u00f3n representa esa esperanza en Emiliano Zapata. Su capacidad para conectar con la comunidad y su visi\u00f3n clara para el futuro son elementos que podr\u00edan cambiar el rumbo del municipio.<\/p>\n<p style=\"font-weight: 400;\">La pol\u00edtica es un espejo de la sociedad. Si los ciudadanos desean un cambio, es fundamental que se involucren en el proceso electoral. La candidatura de Renato Alarc\u00f3n no es solo una oportunidad para \u00e9l, sino para todos los habitantes de Emiliano Zapata. Es un llamado a la acci\u00f3n, a la participaci\u00f3n y al compromiso con un futuro m\u00e1s sostenible.<\/p>\n<p style=\"font-weight: 400;\">Las elecciones de este a\u00f1o se acercan, y con ellas, la posibilidad de un cambio real. La comunidad debe reflexionar sobre lo que desea para su futuro y hacer escuchar su voz. El camino hacia un Emiliano Zapata m\u00e1s verde y sostenible est\u00e1 en manos de sus ciudadanos, y Renato Alarc\u00f3n es el candidato que puede guiar ese camino.<\/p>\n<p style=\"font-weight: 400;\">Para m\u00e1s informaci\u00f3n consulta nuestra p\u00e1gina\u00a0<a href=\"https:\/\/www.xn--bitacoraspolticas-ovb.com\/\" data-saferedirecturl=\"https:\/\/www.google.com\/url?q=https:\/\/www.xn--bitacoraspolticas-ovb.com\/&amp;source=gmail&amp;ust=1737178100649000&amp;usg=AOvVaw0wdH5Hl4ec8QbxaJZEPJC_\">https:\/\/www.xn--bitacoraspolticas-ovb.com\/<\/a><\/p>\n<p><img loading=\"lazy\" decoding=\"async\" class=\"alignnone wp-image-47935 size-full\" src=\"http:\/\/noticiasveracruz.com\/wp-content\/uploads\/2025\/01\/FIRMA-EDITORIAL-PD-3.jpg\" alt=\"\" width=\"1024\" height=\"125\" srcset=\"https:\/\/noticiasveracruz.com\/wp-content\/uploads\/2025\/01\/FIRMA-EDITORIAL-PD-3.jpg 1024w, https:\/\/noticiasveracruz.com\/wp-content\/uploads\/2025\/01\/FIRMA-EDITORIAL-PD-3-300x37.jpg 300w, https:\/\/noticiasveracruz.com\/wp-content\/uploads\/2025\/01\/FIRMA-EDITORIAL-PD-3-768x94.jpg 768w\" sizes=\"auto, (max-width: 1024px) 100vw, 1024px\" \/><\/p>\n","protected":false},"excerpt":{"rendered":"<p>Ser\u00e1 la propuesta que presenten para la presidencia municipal Conectar con un electorado que busca soluciones sostenibles a los problemas<\/p>\n","protected":false},"author":4,"featured_media":29037,"comment_status":"closed","ping_status":"closed","sticky":false,"template":"","format":"standard","meta":{"colormag_page_container_layout":"default_layout","colormag_page_sidebar_layout":"default_layout","_jetpack_memberships_contains_paid_content":false,"footnotes":"","jetpack_publicize_message":"","jetpack_publicize_feature_enabled":true,"jetpack_social_post_already_shared":true,"jetpack_social_options":{"image_generator_settings":{"template":"highway","default_image_id":0,"font":"","enabled":false},"version":2}},"categories":[6],"tags":[],"class_list":["post-48161","post","type-post","status-publish","format-standard","has-post-thumbnail","hentry","category-columnistas"],"jetpack_publicize_connections":[],"jetpack_featured_media_url":"https:\/\/noticiasveracruz.com\/wp-content\/uploads\/2024\/04\/BANNER-cristiani-NV.jpg","jetpack_sharing_enabled":true,"publishpress_future_action":{"enabled":false,"date":"2026-05-07 06:48:10","action":"change-status","newStatus":"draft","terms":[],"taxonomy":"category","extraData":[]},"publishpress_future_workflow_manual_trigger":{"enabledWorkflows":[]},"_links":{"self":[{"href":"https:\/\/noticiasveracruz.com\/index.php\/wp-json\/wp\/v2\/posts\/48161","targetHints":{"allow":["GET"]}}],"collection":[{"href":"https:\/\/noticiasveracruz.com\/index.php\/wp-json\/wp\/v2\/posts"}],"about":[{"href":"https:\/\/noticiasveracruz.com\/index.php\/wp-json\/wp\/v2\/types\/post"}],"author":[{"embeddable":true,"href":"https:\/\/noticiasveracruz.com\/index.php\/wp-json\/wp\/v2\/users\/4"}],"replies":[{"embeddable":true,"href":"https:\/\/noticiasveracruz.com\/index.php\/wp-json\/wp\/v2\/comments?post=48161"}],"version-history":[{"count":0,"href":"https:\/\/noticiasveracruz.com\/index.php\/wp-json\/wp\/v2\/posts\/48161\/revisions"}],"wp:featuredmedia":[{"embeddable":true,"href":"https:\/\/noticiasveracruz.com\/index.php\/wp-json\/wp\/v2\/media\/29037"}],"wp:attachment":[{"href":"https:\/\/noticiasveracruz.com\/index.php\/wp-json\/wp\/v2\/media?parent=48161"}],"wp:term":[{"taxonomy":"category","embeddable":true,"href":"https:\/\/noticiasveracruz.com\/index.php\/wp-json\/wp\/v2\/categories?post=48161"},{"taxonomy":"post_tag","embeddable":true,"href":"https:\/\/noticiasveracruz.com\/index.php\/wp-json\/wp\/v2\/tags?post=48161"}],"curies":[{"name":"wp","href":"https:\/\/api.w.org\/{rel}","templated":true}]}}