{"id":48158,"date":"2025-01-17T00:20:41","date_gmt":"2025-01-17T06:20:41","guid":{"rendered":"https:\/\/noticiasveracruz.com\/?p=48158"},"modified":"2025-01-16T23:27:44","modified_gmt":"2025-01-17T05:27:44","slug":"vicepresidenta-de-ecuador-denuncia-impedimento-para-ejercer","status":"publish","type":"post","link":"https:\/\/noticiasveracruz.com\/index.php\/2025\/01\/17\/vicepresidenta-de-ecuador-denuncia-impedimento-para-ejercer\/","title":{"rendered":"Vicepresidenta de Ecuador denuncia impedimento para ejercer"},"content":{"rendered":"<p>La vicepresidenta de Ecuador, Ver\u00f3nica Abad, denunci\u00f3 este jueves que el gobierno le niega el acceso a su despacho para ejercer sus funciones pese a la sentencia judicial que anul\u00f3 la sanci\u00f3n administrativa en su contra.<\/p>\n<p>Mediante su cuenta de X, la vicemandataria mencion\u00f3 que la ministra de Trabajo, Ivonne N\u00fa\u00f1ez, dispuso a los servidores de la vicepresidencia trabajar de manera telem\u00e1tica, aunque es \u201cuna instituci\u00f3n que no le compete\u201d.<\/p>\n<p>Abad solicit\u00f3 informaci\u00f3n a Cynthia Gellibert -a quien el gobernante Daniel Noboa design\u00f3 como vicepresidenta encargada- sobre las acciones emprendidas para cumplir el decreto que la envi\u00f3 a la embajada en T\u00fcrkiye.<\/p>\n<p>\u201cHe tenido que consultar desde mi correo personal a la secretaria Cynthia Gellibert (para que) me explique: \u00bfqu\u00e9 acciones se han realizado desde la Vicepresidencia para cumplir esta inconstitucional y discriminatoria disposici\u00f3n? Y no tengo respuesta hasta hoy\u201d, manifest\u00f3 la vicegobernante.<\/p>\n<p>Tras el fallo de la jueza Nubia Vera, del 23 de diciembre pasado, Abad deb\u00eda ser habilitada para ejercer el cargo y recibir su remuneraci\u00f3n; sin embargo, las puertas de la vicepresidencia permanecen cerradas y asegura no haber percibido su sueldo.<\/p>\n<p>Ese d\u00eda, el presidente Daniel Noboa emiti\u00f3 un decreto mediante el cual la envi\u00f3 a cumplir nuevas funciones en Ankara como coordinadora para las relaciones comerciales.<\/p>\n<p>La vicepresidenta ha denunciado que la intenci\u00f3n de Noboa y su equipo de gobierno es impedir que ella lo reemplace en el cargo durante la licencia temporal del mandatario para participar en la campa\u00f1a electoral rumbo a los comicios del 9 de febrero.<\/p>\n<p>De hecho, este jueves Noboa encarg\u00f3 la jefatura del gobierno, por segunda vez este mes, a la secretaria de la Administraci\u00f3n P\u00fablica, Cynthia Gellibert, y no a Abad, que es la vicemandataria titular.<\/p>\n<p>De esa forma, podr\u00eda participar en el debate, que es obligatorio para los 16 aspirantes a la jefatura del Ejecutivo para el periodo 2025-2029.<\/p>\n<p>Las licencias parciales de Noboa, as\u00ed como sus acciones como mandatario en el contexto electoral, son motivo de demandas y denuncias por parte de candidatos y organizaciones pol\u00edticas ante diversas instancias como la Corte Constitucional y el Tribunal Contencioso Electoral.<\/p>\n","protected":false},"excerpt":{"rendered":"<p>La vicepresidenta de Ecuador, Ver\u00f3nica Abad, denunci\u00f3 este jueves que el gobierno le niega el acceso a su despacho para<\/p>\n","protected":false},"author":4,"featured_media":48159,"comment_status":"closed","ping_status":"closed","sticky":false,"template":"","format":"standard","meta":{"colormag_page_container_layout":"default_layout","colormag_page_sidebar_layout":"default_layout","_jetpack_memberships_contains_paid_content":false,"footnotes":"","jetpack_publicize_message":"","jetpack_publicize_feature_enabled":true,"jetpack_social_post_already_shared":true,"jetpack_social_options":{"image_generator_settings":{"template":"highway","default_image_id":0,"font":"","enabled":false},"version":2}},"categories":[355],"tags":[],"class_list":["post-48158","post","type-post","status-publish","format-standard","has-post-thumbnail","hentry","category-internacional"],"jetpack_publicize_connections":[],"jetpack_featured_media_url":"https:\/\/noticiasveracruz.com\/wp-content\/uploads\/2025\/01\/AA1u2N8o.jpg","jetpack_sharing_enabled":true,"publishpress_future_action":{"enabled":false,"date":"2026-05-07 07:45:34","action":"change-status","newStatus":"draft","terms":[],"taxonomy":"category","extraData":[]},"publishpress_future_workflow_manual_trigger":{"enabledWorkflows":[]},"_links":{"self":[{"href":"https:\/\/noticiasveracruz.com\/index.php\/wp-json\/wp\/v2\/posts\/48158","targetHints":{"allow":["GET"]}}],"collection":[{"href":"https:\/\/noticiasveracruz.com\/index.php\/wp-json\/wp\/v2\/posts"}],"about":[{"href":"https:\/\/noticiasveracruz.com\/index.php\/wp-json\/wp\/v2\/types\/post"}],"author":[{"embeddable":true,"href":"https:\/\/noticiasveracruz.com\/index.php\/wp-json\/wp\/v2\/users\/4"}],"replies":[{"embeddable":true,"href":"https:\/\/noticiasveracruz.com\/index.php\/wp-json\/wp\/v2\/comments?post=48158"}],"version-history":[{"count":0,"href":"https:\/\/noticiasveracruz.com\/index.php\/wp-json\/wp\/v2\/posts\/48158\/revisions"}],"wp:featuredmedia":[{"embeddable":true,"href":"https:\/\/noticiasveracruz.com\/index.php\/wp-json\/wp\/v2\/media\/48159"}],"wp:attachment":[{"href":"https:\/\/noticiasveracruz.com\/index.php\/wp-json\/wp\/v2\/media?parent=48158"}],"wp:term":[{"taxonomy":"category","embeddable":true,"href":"https:\/\/noticiasveracruz.com\/index.php\/wp-json\/wp\/v2\/categories?post=48158"},{"taxonomy":"post_tag","embeddable":true,"href":"https:\/\/noticiasveracruz.com\/index.php\/wp-json\/wp\/v2\/tags?post=48158"}],"curies":[{"name":"wp","href":"https:\/\/api.w.org\/{rel}","templated":true}]}}