{"id":48137,"date":"2025-01-17T00:13:19","date_gmt":"2025-01-17T06:13:19","guid":{"rendered":"https:\/\/noticiasveracruz.com\/?p=48137"},"modified":"2025-01-16T23:11:12","modified_gmt":"2025-01-17T05:11:12","slug":"toman-medidas-en-municipios-de-tamaulipas-ante-posible-deportacion-masiva","status":"publish","type":"post","link":"https:\/\/noticiasveracruz.com\/index.php\/2025\/01\/17\/toman-medidas-en-municipios-de-tamaulipas-ante-posible-deportacion-masiva\/","title":{"rendered":"Toman medidas en municipios de Tamaulipas ante posible deportaci\u00f3n masiva"},"content":{"rendered":"<p>Ante la incertidumbre por una posible ola de deportaciones de migrantes mexicanos desde Estados Unidos, las autoridades locales han comenzado a tomar medidas preventivas para atender la situaci\u00f3n. Juan \u00c1ngel Mart\u00ednez,\u00a0secretario del\u00a0ayuntamiento, destac\u00f3 que el objetivo principal ser\u00e1 facilitar el traslado de los migrantes a sus lugares de origen y garantizar su bienestar durante el proceso.<\/p>\n<p>Mart\u00ednez record\u00f3 que la ciudad ya ha enfrentado crisis similares en el pasado, como las vividas con las olas migratorias de haitianos y venezolanos. En esas ocasiones se implementaron estrategias para albergar temporalmente a los migrantes en instalaciones municipales, experiencia que ahora servir\u00e1 de base para afrontar este nuevo reto.<\/p>\n<p>\u00abEstamos retomando los modelos que se aplicaron con \u00e9xito anteriormente y evaluando opciones para ampliarlos. Contamos con el respaldo de la presidenta Claudia Sheinbaum y el gobernador del estado para habilitar espacios como el Poliforum, el Parque Morelos y otros sitios municipales como posibles albergues temporales\u00bb, se\u00f1al\u00f3 Mart\u00ednez.<\/p>\n<p>La colaboraci\u00f3n entre los tres niveles de gobierno ser\u00e1 clave para coordinar los esfuerzos necesarios y evitar un colapso en los servicios de la ciudad. Adem\u00e1s, las autoridades han solicitado el apoyo de organizaciones civiles y religiosas para brindar asistencia humanitaria a los migrantes.<\/p>\n<p>En paralelo, se trabaja en campa\u00f1as informativas para sensibilizar a la poblaci\u00f3n sobre la importancia de apoyar a los migrantes y garantizar una transici\u00f3n ordenada en caso de un aumento significativo en su llegada. Estas acciones buscan minimizar los conflictos sociales y reforzar la imagen de Nuevo Laredo como una ciudad solidaria y resiliente.<\/p>\n","protected":false},"excerpt":{"rendered":"<p>Ante la incertidumbre por una posible ola de deportaciones de migrantes mexicanos desde Estados Unidos, las autoridades locales han comenzado<\/p>\n","protected":false},"author":4,"featured_media":48138,"comment_status":"closed","ping_status":"closed","sticky":false,"template":"","format":"standard","meta":{"colormag_page_container_layout":"default_layout","colormag_page_sidebar_layout":"default_layout","_jetpack_memberships_contains_paid_content":false,"footnotes":"","jetpack_publicize_message":"","jetpack_publicize_feature_enabled":true,"jetpack_social_post_already_shared":true,"jetpack_social_options":{"image_generator_settings":{"template":"highway","default_image_id":0,"font":"","enabled":false},"version":2}},"categories":[145],"tags":[],"class_list":["post-48137","post","type-post","status-publish","format-standard","has-post-thumbnail","hentry","category-estados"],"jetpack_publicize_connections":[],"jetpack_featured_media_url":"https:\/\/noticiasveracruz.com\/wp-content\/uploads\/2025\/01\/migrants.jpg","jetpack_sharing_enabled":true,"publishpress_future_action":{"enabled":false,"date":"2026-05-07 13:08:02","action":"change-status","newStatus":"draft","terms":[],"taxonomy":"category","extraData":[]},"publishpress_future_workflow_manual_trigger":{"enabledWorkflows":[]},"_links":{"self":[{"href":"https:\/\/noticiasveracruz.com\/index.php\/wp-json\/wp\/v2\/posts\/48137","targetHints":{"allow":["GET"]}}],"collection":[{"href":"https:\/\/noticiasveracruz.com\/index.php\/wp-json\/wp\/v2\/posts"}],"about":[{"href":"https:\/\/noticiasveracruz.com\/index.php\/wp-json\/wp\/v2\/types\/post"}],"author":[{"embeddable":true,"href":"https:\/\/noticiasveracruz.com\/index.php\/wp-json\/wp\/v2\/users\/4"}],"replies":[{"embeddable":true,"href":"https:\/\/noticiasveracruz.com\/index.php\/wp-json\/wp\/v2\/comments?post=48137"}],"version-history":[{"count":0,"href":"https:\/\/noticiasveracruz.com\/index.php\/wp-json\/wp\/v2\/posts\/48137\/revisions"}],"wp:featuredmedia":[{"embeddable":true,"href":"https:\/\/noticiasveracruz.com\/index.php\/wp-json\/wp\/v2\/media\/48138"}],"wp:attachment":[{"href":"https:\/\/noticiasveracruz.com\/index.php\/wp-json\/wp\/v2\/media?parent=48137"}],"wp:term":[{"taxonomy":"category","embeddable":true,"href":"https:\/\/noticiasveracruz.com\/index.php\/wp-json\/wp\/v2\/categories?post=48137"},{"taxonomy":"post_tag","embeddable":true,"href":"https:\/\/noticiasveracruz.com\/index.php\/wp-json\/wp\/v2\/tags?post=48137"}],"curies":[{"name":"wp","href":"https:\/\/api.w.org\/{rel}","templated":true}]}}