{"id":48134,"date":"2025-01-17T00:12:45","date_gmt":"2025-01-17T06:12:45","guid":{"rendered":"https:\/\/noticiasveracruz.com\/?p=48134"},"modified":"2025-01-16T23:07:29","modified_gmt":"2025-01-17T05:07:29","slug":"avala-ift-a-la-cfe-como-propietaria-de-altan-redes","status":"publish","type":"post","link":"https:\/\/noticiasveracruz.com\/index.php\/2025\/01\/17\/avala-ift-a-la-cfe-como-propietaria-de-altan-redes\/","title":{"rendered":"Avala IFT a la CFE como propietaria de Alt\u00e1n Redes"},"content":{"rendered":"<p>La Comisi\u00f3n Federal de Electricidad (CFE) ser\u00e1 la propietaria de Alt\u00e1n Redes, la empresa de telecomunicaciones que provee de tecnolog\u00eda 4G-LTE a 17 millones de usuarios en el pa\u00eds.<\/p>\n<p>Con la operaci\u00f3n, el gobierno federal ser\u00e1 el encargado de administrar la red de Bait, Diri, Oxxo Cel Izzi, M\u00f3vil, Mega M\u00f3vil y otros 130 Operadores M\u00f3viles Virtuales.<\/p>\n<p>El IFT aprob\u00f3 la operaci\u00f3n de Alt\u00e1n con CFE, pese a que hace m\u00e1s de un mes, advirti\u00f3 sobre los riesgos que pudiera haber en el mercado mexicano de telecomunicaciones si la CFE se convirtiera en un actor predominante.<\/p>\n<p>Lo anterior, al operar en el mercado minorista a trav\u00e9s de su filial CFE Telecomunicaciones e Internet para Todos.<\/p>\n<p>Con la operaci\u00f3n, CFE operar\u00e1 con Alt\u00e1n Redes en el mercado mayorista, ya que utilizar\u00e1 la infraestructura, el espectro, las torres de telecomunicaciones, fibra \u00f3ptica y el negocio mayorista que permite la venta de capacidad de red a los operadores m\u00f3viles virtuales.<\/p>\n","protected":false},"excerpt":{"rendered":"<p>La Comisi\u00f3n Federal de Electricidad (CFE) ser\u00e1 la propietaria de Alt\u00e1n Redes, la empresa de telecomunicaciones que provee de tecnolog\u00eda<\/p>\n","protected":false},"author":4,"featured_media":48135,"comment_status":"closed","ping_status":"closed","sticky":false,"template":"","format":"standard","meta":{"colormag_page_container_layout":"default_layout","colormag_page_sidebar_layout":"default_layout","_jetpack_memberships_contains_paid_content":false,"footnotes":"","jetpack_publicize_message":"","jetpack_publicize_feature_enabled":true,"jetpack_social_post_already_shared":true,"jetpack_social_options":{"image_generator_settings":{"template":"highway","default_image_id":0,"font":"","enabled":false},"version":2}},"categories":[1947],"tags":[],"class_list":["post-48134","post","type-post","status-publish","format-standard","has-post-thumbnail","hentry","category-economia"],"jetpack_publicize_connections":[],"jetpack_featured_media_url":"https:\/\/noticiasveracruz.com\/wp-content\/uploads\/2025\/01\/66e8c3ed88906.jpeg","jetpack_sharing_enabled":true,"publishpress_future_action":{"enabled":false,"date":"2026-05-07 13:59:33","action":"change-status","newStatus":"draft","terms":[],"taxonomy":"category","extraData":[]},"publishpress_future_workflow_manual_trigger":{"enabledWorkflows":[]},"_links":{"self":[{"href":"https:\/\/noticiasveracruz.com\/index.php\/wp-json\/wp\/v2\/posts\/48134","targetHints":{"allow":["GET"]}}],"collection":[{"href":"https:\/\/noticiasveracruz.com\/index.php\/wp-json\/wp\/v2\/posts"}],"about":[{"href":"https:\/\/noticiasveracruz.com\/index.php\/wp-json\/wp\/v2\/types\/post"}],"author":[{"embeddable":true,"href":"https:\/\/noticiasveracruz.com\/index.php\/wp-json\/wp\/v2\/users\/4"}],"replies":[{"embeddable":true,"href":"https:\/\/noticiasveracruz.com\/index.php\/wp-json\/wp\/v2\/comments?post=48134"}],"version-history":[{"count":0,"href":"https:\/\/noticiasveracruz.com\/index.php\/wp-json\/wp\/v2\/posts\/48134\/revisions"}],"wp:featuredmedia":[{"embeddable":true,"href":"https:\/\/noticiasveracruz.com\/index.php\/wp-json\/wp\/v2\/media\/48135"}],"wp:attachment":[{"href":"https:\/\/noticiasveracruz.com\/index.php\/wp-json\/wp\/v2\/media?parent=48134"}],"wp:term":[{"taxonomy":"category","embeddable":true,"href":"https:\/\/noticiasveracruz.com\/index.php\/wp-json\/wp\/v2\/categories?post=48134"},{"taxonomy":"post_tag","embeddable":true,"href":"https:\/\/noticiasveracruz.com\/index.php\/wp-json\/wp\/v2\/tags?post=48134"}],"curies":[{"name":"wp","href":"https:\/\/api.w.org\/{rel}","templated":true}]}}