{"id":48128,"date":"2025-01-17T00:10:35","date_gmt":"2025-01-17T06:10:35","guid":{"rendered":"https:\/\/noticiasveracruz.com\/?p=48128"},"modified":"2025-01-16T23:03:29","modified_gmt":"2025-01-17T05:03:29","slug":"nacional-monte-de-piedad-nombra-nuevo-director-general","status":"publish","type":"post","link":"https:\/\/noticiasveracruz.com\/index.php\/2025\/01\/17\/nacional-monte-de-piedad-nombra-nuevo-director-general\/","title":{"rendered":"Nacional Monte de Piedad nombra nuevo director general"},"content":{"rendered":"<p>Nacional Monte de Piedad dio a conocer que nombr\u00f3 el d\u00eda de hoy a Rafael Humberto del R\u00edo Aguirre como su nuevo director general.<\/p>\n<p>El nombramiento se da luego de que hace unos meses, la instituci\u00f3n anunci\u00f3 la salida de Javier de la Calle, quien fue sustituido interinamente por Aldo Achar y Fernanda Langarica, quienes ten\u00edan como objetivo garantizar la estabilidad y continuidad operativa.<\/p>\n<p>\u201cBajo la direcci\u00f3n de Rafael del R\u00edo continuaremos fortaleciendo nuestra posici\u00f3n en el sector prendario, preparando a nuestra Instituci\u00f3n para los cambios del entorno y modernizando nuestros procesos\u201d, dijo el Nacional Monte de Piedad en un comunicado.<\/p>\n<p>Precis\u00f3 que su nuevo director tiene como objetivo \u201cfortalecer el legado de Nacional Monte de Piedad, mediante iniciativas que impulsen el crecimiento, mejoren la experiencia del cliente y el refuerzo de nuestras operaciones, asegurando que nuestra misi\u00f3n de ayudar a quien m\u00e1s lo necesita siga vigente en un entorno de constante evoluci\u00f3n\u201d.<\/p>\n<p>Recalc\u00f3 que Rafael Rumberto del R\u00edo es contador p\u00fablico y cuenta con una amplia experiencia dentro del sector financiero, lo cual lo posiciona como \u201cel l\u00edder ideal para asumir los retos de transformaci\u00f3n, modernizaci\u00f3n y digitalizaci\u00f3n que enfrenta la Instituci\u00f3n de asistencia privada\u201d.<\/p>\n","protected":false},"excerpt":{"rendered":"<p>Nacional Monte de Piedad dio a conocer que nombr\u00f3 el d\u00eda de hoy a Rafael Humberto del R\u00edo Aguirre como<\/p>\n","protected":false},"author":4,"featured_media":48129,"comment_status":"closed","ping_status":"closed","sticky":false,"template":"","format":"standard","meta":{"colormag_page_container_layout":"default_layout","colormag_page_sidebar_layout":"default_layout","_jetpack_memberships_contains_paid_content":false,"footnotes":"","jetpack_publicize_message":"","jetpack_publicize_feature_enabled":true,"jetpack_social_post_already_shared":true,"jetpack_social_options":{"image_generator_settings":{"template":"highway","default_image_id":0,"font":"","enabled":false},"version":2}},"categories":[1947],"tags":[],"class_list":["post-48128","post","type-post","status-publish","format-standard","has-post-thumbnail","hentry","category-economia"],"jetpack_publicize_connections":[],"jetpack_featured_media_url":"https:\/\/noticiasveracruz.com\/wp-content\/uploads\/2025\/01\/RAFAEL-HUMBERTO-DEL-RIO-AGUIRRE-DIRECTOR-GENERAL-NACIONAL-MONTE-DE-PIEDAD-OK-700x470-1.png","jetpack_sharing_enabled":true,"publishpress_future_action":{"enabled":false,"date":"2026-05-07 19:37:16","action":"change-status","newStatus":"draft","terms":[],"taxonomy":"category","extraData":[]},"publishpress_future_workflow_manual_trigger":{"enabledWorkflows":[]},"_links":{"self":[{"href":"https:\/\/noticiasveracruz.com\/index.php\/wp-json\/wp\/v2\/posts\/48128","targetHints":{"allow":["GET"]}}],"collection":[{"href":"https:\/\/noticiasveracruz.com\/index.php\/wp-json\/wp\/v2\/posts"}],"about":[{"href":"https:\/\/noticiasveracruz.com\/index.php\/wp-json\/wp\/v2\/types\/post"}],"author":[{"embeddable":true,"href":"https:\/\/noticiasveracruz.com\/index.php\/wp-json\/wp\/v2\/users\/4"}],"replies":[{"embeddable":true,"href":"https:\/\/noticiasveracruz.com\/index.php\/wp-json\/wp\/v2\/comments?post=48128"}],"version-history":[{"count":0,"href":"https:\/\/noticiasveracruz.com\/index.php\/wp-json\/wp\/v2\/posts\/48128\/revisions"}],"wp:featuredmedia":[{"embeddable":true,"href":"https:\/\/noticiasveracruz.com\/index.php\/wp-json\/wp\/v2\/media\/48129"}],"wp:attachment":[{"href":"https:\/\/noticiasveracruz.com\/index.php\/wp-json\/wp\/v2\/media?parent=48128"}],"wp:term":[{"taxonomy":"category","embeddable":true,"href":"https:\/\/noticiasveracruz.com\/index.php\/wp-json\/wp\/v2\/categories?post=48128"},{"taxonomy":"post_tag","embeddable":true,"href":"https:\/\/noticiasveracruz.com\/index.php\/wp-json\/wp\/v2\/tags?post=48128"}],"curies":[{"name":"wp","href":"https:\/\/api.w.org\/{rel}","templated":true}]}}