{"id":48119,"date":"2025-01-17T00:07:18","date_gmt":"2025-01-17T06:07:18","guid":{"rendered":"https:\/\/noticiasveracruz.com\/?p=48119"},"modified":"2025-01-16T22:54:07","modified_gmt":"2025-01-17T04:54:07","slug":"presenta-sheinbaum-programa-para-recuperacion-del-puerto-de-acapulco","status":"publish","type":"post","link":"https:\/\/noticiasveracruz.com\/index.php\/2025\/01\/17\/presenta-sheinbaum-programa-para-recuperacion-del-puerto-de-acapulco\/","title":{"rendered":"Presenta Sheinbaum programa para recuperaci\u00f3n del puerto de Acapulco"},"content":{"rendered":"<p>El gobierno de la presidenta Claudia Sheinbaum Pardo present\u00f3 este jueves un programa con el que se invertir\u00e1n alrededor de 8 mil millones de pesos en los pr\u00f3ximos a\u00f1os por el cual la federaci\u00f3n renovar\u00e1 la infraestructura urbana del puerto y rehabilitar\u00e1 la bah\u00eda, con el objetivo de que el destino tur\u00edstico recobre su hist\u00f3rica importancia.<\/p>\n<p>Acompa\u00f1ada por integrantes de su gabinete, como la secretaria de Gobernaci\u00f3n, Rosa Icela Rodr\u00edguez, y de Econom\u00eda, Marcelo Ebrard, as\u00ed como por empresarios como el presidente de Grupo Carso, Carlos Slim, y el de Mundo Imperial, Juan Antonio Hern\u00e1ndez, la mandataria encabezo una ceremonia en el Anfiteatro Sinfon\u00eda del Mar, en donde firm\u00f3 el decreto que crea el \u201cCentro Integral para el Programa Acapulco se transforma contigo\u201d.<\/p>\n<p>Tras reconocer las labores hechas por el gobierno del ex presidente Andr\u00e9s Manuel L\u00f3pez Obrador para enfrentar los da\u00f1os dejados por el hurac\u00e1n\u00a0<em>Otis<\/em>\u00a0en 2023 y por el suyo propio para atender la emergencia dejada en septiembre pasado por el hurac\u00e1n\u00a0<em>John<\/em>, la mandataria dijo que acapulco es ejemplo de resiliencia.<\/p>\n<p>\u201cNo podemos estar aqu\u00ed solamente cuando ocurre una tragedia, tenemos que revitalizar Acapulco\u201d, enfatiz\u00f3, luego de se\u00f1alar que de octubre a enero su gobierno ha destinado cerca de 7 mil millones de pesos a Guerrero.<\/p>\n<p>\u201cInvertimos en Guerrero cerca de 7 mil millones de pesos de octubre a enero, 3 mil kil\u00f3metros de carreteras, 67 puentes, apoyos directos a la poblaci\u00f3n a cerca de 150 mil \u201cguerreros\u201d y \u201cguerreras\u201d que siempre salen adelante\u201d, afirm\u00f3.<\/p>\n<p>Dijo que el decreto firmado hoy implica el rescate integral del puerto. \u201cSe trata de una inversi\u00f3n en los pr\u00f3ximos a\u00f1os de alrededor de 8 mil millones de pesos para agua, para mejoramiento, pero adem\u00e1s estamos buscando que esto permanezca\u201d.<\/p>\n<p>El subsecretario de Turismo, Sebasti\u00e1n Ram\u00edrez Mendoza, se\u00f1al\u00f3 que con la firma de este decreto Acapulco se convierte en un Centro integralmente Planeado (CIP), con lo que el centro tur\u00edstico se desarrollar\u00e1 con un plan maestro y en el que la federaci\u00f3n, a trav\u00e9s de Fonatur, asumir\u00e1 la administraci\u00f3n y el financiamiento de los principales servicios urbanos.<\/p>\n<p>Dijo que de inicio se destinar\u00e1n este a\u00f1o 800 millones de pesos para una renovaci\u00f3n integral de la infraestructura: renovaci\u00f3n de vialidades y accesos p\u00fablicos a playa, entre otros, adem\u00e1s de que se asumir\u00e1 la prestaci\u00f3n de todos los servicios urbanos con 240 millones de pesos para 2025 que se destinar\u00e1n a servicios como recolecci\u00f3n de basura, limpieza de espacios p\u00fablicos y rehabilitaci\u00f3n de banquetas, entre otras acciones.<\/p>\n<p>A\u00f1adi\u00f3 que se construir\u00e1 nuevamente todo el sistema de distribuci\u00f3n de agua potable de Acapulco y que se har\u00e1 una rehabilitaci\u00f3n integral de la bah\u00eda.<\/p>\n<p>Slim, quien no estuvo en el presidium, sino en un palco, dijo que los proyectos anunciados por el gobierno abren la puerta a un Acapulco revitalizado y expres\u00f3 su deseo que el puerta \u201csiga siendo un lugar muy especial\u201d. \u00abMuchos empresarios tenemos la voluntad y el inter\u00e9s de seguir trabajando para que Acapulco sea un lugar cada vez mejor\u201d, agreg\u00f3.<\/p>\n<p>La gobernadora Evelyn Salgado Pineda invit\u00f3 a la ciudadan\u00eda a visitar el puerto que, dijo, ha \u201crenacido m\u00e1s fuerte que nunca\u201d y resalt\u00f3 que el 1 de enero se registr\u00f3 una ocupaci\u00f3n hotelera del 95.1 por ciento, lo que dijo, da cuenta de la recuperaci\u00f3n de este destino tur\u00edstico.<\/p>\n<p>La presidenta municipal Abelina L\u00f3pez Rodr\u00edguez, asegur\u00f3 que esas cifras son prueba de que Acapulco ha resurgido luego del embate de los huracanes Otis en 2023 y John en 2024 y agreg\u00f3 que la estrategia de seguridad ha dado resultados que han permitido el regreso de los inversionistas al puerto y la reactivaci\u00f3n econ\u00f3mica.<\/p>\n","protected":false},"excerpt":{"rendered":"<p>El gobierno de la presidenta Claudia Sheinbaum Pardo present\u00f3 este jueves un programa con el que se invertir\u00e1n alrededor de<\/p>\n","protected":false},"author":4,"featured_media":48120,"comment_status":"closed","ping_status":"closed","sticky":false,"template":"","format":"standard","meta":{"colormag_page_container_layout":"default_layout","colormag_page_sidebar_layout":"default_layout","_jetpack_memberships_contains_paid_content":false,"footnotes":"","jetpack_publicize_message":"","jetpack_publicize_feature_enabled":true,"jetpack_social_post_already_shared":true,"jetpack_social_options":{"image_generator_settings":{"template":"highway","default_image_id":0,"font":"","enabled":false},"version":2}},"categories":[4],"tags":[],"class_list":["post-48119","post","type-post","status-publish","format-standard","has-post-thumbnail","hentry","category-nacional"],"jetpack_publicize_connections":[],"jetpack_featured_media_url":"https:\/\/noticiasveracruz.com\/wp-content\/uploads\/2025\/01\/g9-foto-s-focus-0.05-0.34-750-440.jpg","jetpack_sharing_enabled":true,"publishpress_future_action":{"enabled":false,"date":"2026-05-07 22:07:55","action":"change-status","newStatus":"draft","terms":[],"taxonomy":"category","extraData":[]},"publishpress_future_workflow_manual_trigger":{"enabledWorkflows":[]},"_links":{"self":[{"href":"https:\/\/noticiasveracruz.com\/index.php\/wp-json\/wp\/v2\/posts\/48119","targetHints":{"allow":["GET"]}}],"collection":[{"href":"https:\/\/noticiasveracruz.com\/index.php\/wp-json\/wp\/v2\/posts"}],"about":[{"href":"https:\/\/noticiasveracruz.com\/index.php\/wp-json\/wp\/v2\/types\/post"}],"author":[{"embeddable":true,"href":"https:\/\/noticiasveracruz.com\/index.php\/wp-json\/wp\/v2\/users\/4"}],"replies":[{"embeddable":true,"href":"https:\/\/noticiasveracruz.com\/index.php\/wp-json\/wp\/v2\/comments?post=48119"}],"version-history":[{"count":0,"href":"https:\/\/noticiasveracruz.com\/index.php\/wp-json\/wp\/v2\/posts\/48119\/revisions"}],"wp:featuredmedia":[{"embeddable":true,"href":"https:\/\/noticiasveracruz.com\/index.php\/wp-json\/wp\/v2\/media\/48120"}],"wp:attachment":[{"href":"https:\/\/noticiasveracruz.com\/index.php\/wp-json\/wp\/v2\/media?parent=48119"}],"wp:term":[{"taxonomy":"category","embeddable":true,"href":"https:\/\/noticiasveracruz.com\/index.php\/wp-json\/wp\/v2\/categories?post=48119"},{"taxonomy":"post_tag","embeddable":true,"href":"https:\/\/noticiasveracruz.com\/index.php\/wp-json\/wp\/v2\/tags?post=48119"}],"curies":[{"name":"wp","href":"https:\/\/api.w.org\/{rel}","templated":true}]}}