{"id":48116,"date":"2025-01-17T00:06:41","date_gmt":"2025-01-17T06:06:41","guid":{"rendered":"https:\/\/noticiasveracruz.com\/?p=48116"},"modified":"2025-01-16T22:52:24","modified_gmt":"2025-01-17T04:52:24","slug":"exigen-tomar-en-cuenta-a-trabajadores-ante-reforma-del-infonavit","status":"publish","type":"post","link":"https:\/\/noticiasveracruz.com\/index.php\/2025\/01\/17\/exigen-tomar-en-cuenta-a-trabajadores-ante-reforma-del-infonavit\/","title":{"rendered":"Exigen tomar en cuenta a trabajadores ante reforma del Infonavit"},"content":{"rendered":"<p class=\"western\">l Congreso del Trabajo, exigi\u00f3 que los trabajadores sean tomados en cuenta en el proceso legislativo que se realiza en las dos c\u00e1maras sobre la reforma al Infonavit y expuso su \u201crespaldo absoluto al Sindicato del Infonavit\u201d.<\/p>\n<p class=\"western\">Asimismo, \u201canunci\u00f3 que habr\u00e1 di\u00e1logo con el sector patronal, en la defensa del tripartismo, en donde se dijo que no habr\u00e1 marcha atr\u00e1s.\u201d<\/p>\n<p class=\"western\">En el primer pleno del a\u00f1o del Consejo Nacional, el sector obrero reiter\u00f3 que \u201cno debe legislarse al vapor las leyes que involucran los intereses de los trabajadores del pa\u00eds y puntualiz\u00f3 que los recursos del Infonavit, \u00fanica y exclusivamente son de los cotizantes al instituto, y que por lo tanto no son recursos p\u00fablicos, pues tanto los asalariados como los patrones son los que dan vida al instituto.\u201d<\/p>\n<p class=\"western\">Reyes Soberanis Moreno, presidente del Congreso del Trabajo explic\u00f3 que la reuni\u00f3n fue para hacer un llamado a la unidad del movimiento obrero y a\u00f1adi\u00f3 que se acord\u00f3 solicitar respecto al tripartismo igualitario.<\/p>\n<p class=\"western\">Tambi\u00e9n, que se haga buen uso de los recursos de los trabajadores y refrend\u00f3 el respeto al instituto en el proceso de otorgamiento de cr\u00e9ditos de vivienda para los trabajadores de manera oportuna, acorde con el Programa Nacional de Vivienda para el Bienestar.<\/p>\n<p class=\"western\">Detall\u00f3 que el pleno fue para atender los asuntos que conciernen al Congreso del Trabajo, analizar el proceso de la reforma laboral y tomar posicionamientos en torno a estos temas, pero sobre todo, demandar la participaci\u00f3n de las organizaciones que representan al sector obrero de todo el pa\u00eds.<\/p>\n<p class=\"western\">Expuso que se ha entrado en contacto con las organizaciones del sector patronal, mismas que han planteado la defensa de los intereses del Infonavit y los de los trabajadores, por lo que en breve se tendr\u00e1 una reuni\u00f3n entre representantes de los dos sectores.<\/p>\n<p class=\"western\">Entre los ponentes en el encuentro tambi\u00e9n estuvieron el representante de la CTM, Pedro Alberto Salazar, el dirigente del Sindicato del Infonavit, Rafael Riva Palacio Pontones y del diputado Antonio Alvarez Esparza, de la FROC- Conlabor Jalisco, entre otros,<\/p>\n<p class=\"western\">\u201cEl movimiento obrero organizado, concentrado en el Congreso del Trabajo como m\u00e1ximo \u00f3rgano de los asalariados del pa\u00eds, efectu\u00f3 una ampliaci\u00f3n de su asamblea en la que de manera categ\u00f3rica ofreci\u00f3 todo su apoyo al Sindicato del Infonavit, que encabeza Riva Palacio Pontones.\u201d<\/p>\n<p class=\"western\">El Pleno del Congreso del Trabajo acord\u00f3 demandar a los legisladores un an\u00e1lisis serio de las reformas, as\u00ed como considerar la participaci\u00f3n de los representantes de los trabajadores.<\/p>\n","protected":false},"excerpt":{"rendered":"<p>l Congreso del Trabajo, exigi\u00f3 que los trabajadores sean tomados en cuenta en el proceso legislativo que se realiza en<\/p>\n","protected":false},"author":4,"featured_media":48117,"comment_status":"closed","ping_status":"closed","sticky":false,"template":"","format":"standard","meta":{"colormag_page_container_layout":"default_layout","colormag_page_sidebar_layout":"default_layout","_jetpack_memberships_contains_paid_content":false,"footnotes":"","jetpack_publicize_message":"","jetpack_publicize_feature_enabled":true,"jetpack_social_post_already_shared":true,"jetpack_social_options":{"image_generator_settings":{"template":"highway","default_image_id":0,"font":"","enabled":false},"version":2}},"categories":[4],"tags":[],"class_list":["post-48116","post","type-post","status-publish","format-standard","has-post-thumbnail","hentry","category-nacional"],"jetpack_publicize_connections":[],"jetpack_featured_media_url":"https:\/\/noticiasveracruz.com\/wp-content\/uploads\/2025\/01\/AA1vZ94L.jpg","jetpack_sharing_enabled":true,"publishpress_future_action":{"enabled":false,"date":"2026-05-07 22:58:49","action":"change-status","newStatus":"draft","terms":[],"taxonomy":"category","extraData":[]},"publishpress_future_workflow_manual_trigger":{"enabledWorkflows":[]},"_links":{"self":[{"href":"https:\/\/noticiasveracruz.com\/index.php\/wp-json\/wp\/v2\/posts\/48116","targetHints":{"allow":["GET"]}}],"collection":[{"href":"https:\/\/noticiasveracruz.com\/index.php\/wp-json\/wp\/v2\/posts"}],"about":[{"href":"https:\/\/noticiasveracruz.com\/index.php\/wp-json\/wp\/v2\/types\/post"}],"author":[{"embeddable":true,"href":"https:\/\/noticiasveracruz.com\/index.php\/wp-json\/wp\/v2\/users\/4"}],"replies":[{"embeddable":true,"href":"https:\/\/noticiasveracruz.com\/index.php\/wp-json\/wp\/v2\/comments?post=48116"}],"version-history":[{"count":0,"href":"https:\/\/noticiasveracruz.com\/index.php\/wp-json\/wp\/v2\/posts\/48116\/revisions"}],"wp:featuredmedia":[{"embeddable":true,"href":"https:\/\/noticiasveracruz.com\/index.php\/wp-json\/wp\/v2\/media\/48117"}],"wp:attachment":[{"href":"https:\/\/noticiasveracruz.com\/index.php\/wp-json\/wp\/v2\/media?parent=48116"}],"wp:term":[{"taxonomy":"category","embeddable":true,"href":"https:\/\/noticiasveracruz.com\/index.php\/wp-json\/wp\/v2\/categories?post=48116"},{"taxonomy":"post_tag","embeddable":true,"href":"https:\/\/noticiasveracruz.com\/index.php\/wp-json\/wp\/v2\/tags?post=48116"}],"curies":[{"name":"wp","href":"https:\/\/api.w.org\/{rel}","templated":true}]}}