{"id":48110,"date":"2025-01-17T00:04:29","date_gmt":"2025-01-17T06:04:29","guid":{"rendered":"https:\/\/noticiasveracruz.com\/?p=48110"},"modified":"2025-01-16T22:33:17","modified_gmt":"2025-01-17T04:33:17","slug":"acude-nahle-a-encuentro-nacional-municipal","status":"publish","type":"post","link":"https:\/\/noticiasveracruz.com\/index.php\/2025\/01\/17\/acude-nahle-a-encuentro-nacional-municipal\/","title":{"rendered":"Acude Nahle a Encuentro Nacional Municipal"},"content":{"rendered":"<p>La gobernadora de Veracruz, Roc\u00edo Nahle Garc\u00eda, particip\u00f3 en el di\u00e1logo hist\u00f3rico convocado por la presidenta Claudia Sheinbaum Pardo, con el prop\u00f3sito de plantear el presupuesto destinado a obras p\u00fablicas, carreteras, infraestructura hidr\u00e1ulica, as\u00ed como a la seguridad y la paz social.<\/p>\n<p>En el Encuentro Nacional Municipal, el primero de su tipo en M\u00e9xico, se propuso fortalecer la colaboraci\u00f3n entre el Gobierno Federal y los municipios, dando prioridad a la atenci\u00f3n de las necesidades de los pueblos ind\u00edgenas y afromexicanos, conforme a las recientes modificaciones a la Constituci\u00f3n Mexicana.<\/p>\n<p>La presidenta Claudia Sheinbaum expuso cuatro puntos centrales: la redistribuci\u00f3n del presupuesto del Fondo para Infraestructura; los recursos para obras de abastecimiento de agua potable y saneamiento; la atenci\u00f3n a las causas que originan la violencia; y los Senderos de Paz en todo el pa\u00eds, a trav\u00e9s de programas como S\u00ed al desarme, S\u00ed a la paz.<\/p>\n<p>La Gobernadora fue invitada especial al encuentro, realizado en el WTC, en el que participaron integrantes del Gabinete del Gobierno de M\u00e9xico, las y los gobernadores, as\u00ed como los 2 mil 475 presidentes municipales del pa\u00eds.<\/p>\n","protected":false},"excerpt":{"rendered":"<p>La gobernadora de Veracruz, Roc\u00edo Nahle Garc\u00eda, particip\u00f3 en el di\u00e1logo hist\u00f3rico convocado por la presidenta Claudia Sheinbaum Pardo, con<\/p>\n","protected":false},"author":4,"featured_media":48111,"comment_status":"closed","ping_status":"closed","sticky":false,"template":"","format":"standard","meta":{"colormag_page_container_layout":"default_layout","colormag_page_sidebar_layout":"default_layout","_jetpack_memberships_contains_paid_content":false,"footnotes":"","jetpack_publicize_message":"","jetpack_publicize_feature_enabled":true,"jetpack_social_post_already_shared":true,"jetpack_social_options":{"image_generator_settings":{"template":"highway","default_image_id":0,"font":"","enabled":false},"version":2}},"categories":[356],"tags":[],"class_list":["post-48110","post","type-post","status-publish","format-standard","has-post-thumbnail","hentry","category-veracruz"],"jetpack_publicize_connections":[],"jetpack_featured_media_url":"https:\/\/noticiasveracruz.com\/wp-content\/uploads\/2025\/01\/8a1-3.jpg","jetpack_sharing_enabled":true,"publishpress_future_action":{"enabled":false,"date":"2026-05-08 00:33:28","action":"change-status","newStatus":"draft","terms":[],"taxonomy":"category","extraData":[]},"publishpress_future_workflow_manual_trigger":{"enabledWorkflows":[]},"_links":{"self":[{"href":"https:\/\/noticiasveracruz.com\/index.php\/wp-json\/wp\/v2\/posts\/48110","targetHints":{"allow":["GET"]}}],"collection":[{"href":"https:\/\/noticiasveracruz.com\/index.php\/wp-json\/wp\/v2\/posts"}],"about":[{"href":"https:\/\/noticiasveracruz.com\/index.php\/wp-json\/wp\/v2\/types\/post"}],"author":[{"embeddable":true,"href":"https:\/\/noticiasveracruz.com\/index.php\/wp-json\/wp\/v2\/users\/4"}],"replies":[{"embeddable":true,"href":"https:\/\/noticiasveracruz.com\/index.php\/wp-json\/wp\/v2\/comments?post=48110"}],"version-history":[{"count":0,"href":"https:\/\/noticiasveracruz.com\/index.php\/wp-json\/wp\/v2\/posts\/48110\/revisions"}],"wp:featuredmedia":[{"embeddable":true,"href":"https:\/\/noticiasveracruz.com\/index.php\/wp-json\/wp\/v2\/media\/48111"}],"wp:attachment":[{"href":"https:\/\/noticiasveracruz.com\/index.php\/wp-json\/wp\/v2\/media?parent=48110"}],"wp:term":[{"taxonomy":"category","embeddable":true,"href":"https:\/\/noticiasveracruz.com\/index.php\/wp-json\/wp\/v2\/categories?post=48110"},{"taxonomy":"post_tag","embeddable":true,"href":"https:\/\/noticiasveracruz.com\/index.php\/wp-json\/wp\/v2\/tags?post=48110"}],"curies":[{"name":"wp","href":"https:\/\/api.w.org\/{rel}","templated":true}]}}