{"id":48107,"date":"2025-01-17T00:03:37","date_gmt":"2025-01-17T06:03:37","guid":{"rendered":"https:\/\/noticiasveracruz.com\/?p=48107"},"modified":"2025-01-16T22:32:21","modified_gmt":"2025-01-17T04:32:21","slug":"llaman-a-cumplir-con-declaracion-patrimonial","status":"publish","type":"post","link":"https:\/\/noticiasveracruz.com\/index.php\/2025\/01\/17\/llaman-a-cumplir-con-declaracion-patrimonial\/","title":{"rendered":"Llaman a cumplir con Declaraci\u00f3n Patrimonial"},"content":{"rendered":"<p>La Contralor\u00eda General del Estado (CGE) reitera a las servidoras y los servidores p\u00fablicos, que iniciaron su encargo el pasado 02 de diciembre, a presentar su Declaraci\u00f3n de situaci\u00f3n patrimonial y de intereses en www.Declaraver.gob.mx, ya que faltan 15 d\u00edas para la conclusi\u00f3n del plazo.<\/p>\n<p>De no cumplir con esta obligaci\u00f3n en tiempo y forma, la Ley General de Responsabilidades Administrativas contempla sanciones que van desde la suspensi\u00f3n del cargo hasta la destituci\u00f3n e inhabilitaci\u00f3n para ejercer funciones p\u00fablicas.<\/p>\n<p>Todas las personas servidoras p\u00fablicas \u2013desde niveles operativos hasta de alto rango\u2013 independientemente de su salario o adscripci\u00f3n, est\u00e1n obligadas a presentar su Declaraci\u00f3n dentro de los primeros 60 d\u00edas naturales al inicio o t\u00e9rmino de su encargo. En caso de cambio de dependencia, deber\u00e1n presentar un aviso correspondiente.<\/p>\n<p>Para orientar y minimizar los errores en el llenado de los formularios, la dependencia ha puesto a disposici\u00f3n tutoriales, materiales de difusi\u00f3n e informativos en la plataforma www.veracruz.gob.mx\/dspi.<\/p>\n<p>La Contralor\u00eda reafirma el compromiso con la promoci\u00f3n de la transparencia y la rendici\u00f3n de cuentas, y continuar\u00e1 trabajando para facilitar el cumplimiento de esta importante responsabilidad legal, contribuyendo as\u00ed a fortalecer la confianza de la ciudadan\u00eda en sus instituciones.<\/p>\n","protected":false},"excerpt":{"rendered":"<p>La Contralor\u00eda General del Estado (CGE) reitera a las servidoras y los servidores p\u00fablicos, que iniciaron su encargo el pasado<\/p>\n","protected":false},"author":4,"featured_media":48108,"comment_status":"closed","ping_status":"closed","sticky":false,"template":"","format":"standard","meta":{"colormag_page_container_layout":"default_layout","colormag_page_sidebar_layout":"default_layout","_jetpack_memberships_contains_paid_content":false,"footnotes":"","jetpack_publicize_message":"","jetpack_publicize_feature_enabled":true,"jetpack_social_post_already_shared":true,"jetpack_social_options":{"image_generator_settings":{"template":"highway","default_image_id":0,"font":"","enabled":false},"version":2}},"categories":[356],"tags":[],"class_list":["post-48107","post","type-post","status-publish","format-standard","has-post-thumbnail","hentry","category-veracruz"],"jetpack_publicize_connections":[],"jetpack_featured_media_url":"https:\/\/noticiasveracruz.com\/wp-content\/uploads\/2025\/01\/8c-3.jpg","jetpack_sharing_enabled":true,"publishpress_future_action":{"enabled":false,"date":"2026-05-08 01:20:47","action":"change-status","newStatus":"draft","terms":[],"taxonomy":"category","extraData":[]},"publishpress_future_workflow_manual_trigger":{"enabledWorkflows":[]},"_links":{"self":[{"href":"https:\/\/noticiasveracruz.com\/index.php\/wp-json\/wp\/v2\/posts\/48107","targetHints":{"allow":["GET"]}}],"collection":[{"href":"https:\/\/noticiasveracruz.com\/index.php\/wp-json\/wp\/v2\/posts"}],"about":[{"href":"https:\/\/noticiasveracruz.com\/index.php\/wp-json\/wp\/v2\/types\/post"}],"author":[{"embeddable":true,"href":"https:\/\/noticiasveracruz.com\/index.php\/wp-json\/wp\/v2\/users\/4"}],"replies":[{"embeddable":true,"href":"https:\/\/noticiasveracruz.com\/index.php\/wp-json\/wp\/v2\/comments?post=48107"}],"version-history":[{"count":0,"href":"https:\/\/noticiasveracruz.com\/index.php\/wp-json\/wp\/v2\/posts\/48107\/revisions"}],"wp:featuredmedia":[{"embeddable":true,"href":"https:\/\/noticiasveracruz.com\/index.php\/wp-json\/wp\/v2\/media\/48108"}],"wp:attachment":[{"href":"https:\/\/noticiasveracruz.com\/index.php\/wp-json\/wp\/v2\/media?parent=48107"}],"wp:term":[{"taxonomy":"category","embeddable":true,"href":"https:\/\/noticiasveracruz.com\/index.php\/wp-json\/wp\/v2\/categories?post=48107"},{"taxonomy":"post_tag","embeddable":true,"href":"https:\/\/noticiasveracruz.com\/index.php\/wp-json\/wp\/v2\/tags?post=48107"}],"curies":[{"name":"wp","href":"https:\/\/api.w.org\/{rel}","templated":true}]}}