{"id":48101,"date":"2025-01-17T00:01:27","date_gmt":"2025-01-17T06:01:27","guid":{"rendered":"https:\/\/noticiasveracruz.com\/?p=48101"},"modified":"2025-01-16T22:30:17","modified_gmt":"2025-01-17T04:30:17","slug":"ayuntamientos-aportaran-propuestas-al-plan-del-pvd","status":"publish","type":"post","link":"https:\/\/noticiasveracruz.com\/index.php\/2025\/01\/17\/ayuntamientos-aportaran-propuestas-al-plan-del-pvd\/","title":{"rendered":"Ayuntamientos aportar\u00e1n propuestas al plan del PVD"},"content":{"rendered":"<p>Hasta el 31 de enero, los 212 ayuntamientos podr\u00e1n sumar sus propuestas al Plan Veracruzano de Desarrollo (PVD) 2025-2030, como parte de la participaci\u00f3n abierta e incluyente, impulsada por el Comit\u00e9 de Planeaci\u00f3n Democr\u00e1tica para el Bienestar.<\/p>\n<p>Para ello, el Comit\u00e9 present\u00f3 la Estrategia de Consulta del PVD y el Manual de usuario del formulario de consulta para ayuntamientos, en el que los cabildos integrar\u00e1n, al menos, tres temas y sus posibles soluciones, en el portal https:\/\/miplan.veracruz.gob.mx\/ayuntamientos\/.<\/p>\n<p>De manera paralela, contin\u00faa el desarrollo de los Foros Ciudadanos. Las pr\u00f3ximas fechas y sedes son: Comunicaciones y Obra P\u00fablica, el 22 de enero en Boca del R\u00edo; Gobierno y Seguridad, el 29 en Xalapa; Administraci\u00f3n Eficiente y Digital, el 06 de febrero en Coatzacoalcos, y Participaci\u00f3n e Inclusi\u00f3n Ciudadana, el 12 en Papantla.<\/p>\n<p>En la sesi\u00f3n estuvieron presentes el subsecretario de Planeaci\u00f3n de la Secretar\u00eda de Finanzas y Planeaci\u00f3n, Aniel Alberto Altamirano Ogarrio; el coordinador de elaboraci\u00f3n del PVD, Armando Rangel Gonz\u00e1lez, y el director de Seguimiento del PVD de la Oficina de Programa de Gobierno, Erick Hern\u00e1ndez Mart\u00ednez.<\/p>\n","protected":false},"excerpt":{"rendered":"<p>Hasta el 31 de enero, los 212 ayuntamientos podr\u00e1n sumar sus propuestas al Plan Veracruzano de Desarrollo (PVD) 2025-2030, como<\/p>\n","protected":false},"author":4,"featured_media":48102,"comment_status":"closed","ping_status":"closed","sticky":false,"template":"","format":"standard","meta":{"colormag_page_container_layout":"default_layout","colormag_page_sidebar_layout":"default_layout","_jetpack_memberships_contains_paid_content":false,"footnotes":"","jetpack_publicize_message":"","jetpack_publicize_feature_enabled":true,"jetpack_social_post_already_shared":true,"jetpack_social_options":{"image_generator_settings":{"template":"highway","default_image_id":0,"font":"","enabled":false},"version":2}},"categories":[356],"tags":[],"class_list":["post-48101","post","type-post","status-publish","format-standard","has-post-thumbnail","hentry","category-veracruz"],"jetpack_publicize_connections":[],"jetpack_featured_media_url":"https:\/\/noticiasveracruz.com\/wp-content\/uploads\/2025\/01\/9a-7.jpg","jetpack_sharing_enabled":true,"publishpress_future_action":{"enabled":false,"date":"2026-05-08 03:36:36","action":"change-status","newStatus":"draft","terms":[],"taxonomy":"category","extraData":[]},"publishpress_future_workflow_manual_trigger":{"enabledWorkflows":[]},"_links":{"self":[{"href":"https:\/\/noticiasveracruz.com\/index.php\/wp-json\/wp\/v2\/posts\/48101","targetHints":{"allow":["GET"]}}],"collection":[{"href":"https:\/\/noticiasveracruz.com\/index.php\/wp-json\/wp\/v2\/posts"}],"about":[{"href":"https:\/\/noticiasveracruz.com\/index.php\/wp-json\/wp\/v2\/types\/post"}],"author":[{"embeddable":true,"href":"https:\/\/noticiasveracruz.com\/index.php\/wp-json\/wp\/v2\/users\/4"}],"replies":[{"embeddable":true,"href":"https:\/\/noticiasveracruz.com\/index.php\/wp-json\/wp\/v2\/comments?post=48101"}],"version-history":[{"count":0,"href":"https:\/\/noticiasveracruz.com\/index.php\/wp-json\/wp\/v2\/posts\/48101\/revisions"}],"wp:featuredmedia":[{"embeddable":true,"href":"https:\/\/noticiasveracruz.com\/index.php\/wp-json\/wp\/v2\/media\/48102"}],"wp:attachment":[{"href":"https:\/\/noticiasveracruz.com\/index.php\/wp-json\/wp\/v2\/media?parent=48101"}],"wp:term":[{"taxonomy":"category","embeddable":true,"href":"https:\/\/noticiasveracruz.com\/index.php\/wp-json\/wp\/v2\/categories?post=48101"},{"taxonomy":"post_tag","embeddable":true,"href":"https:\/\/noticiasveracruz.com\/index.php\/wp-json\/wp\/v2\/tags?post=48101"}],"curies":[{"name":"wp","href":"https:\/\/api.w.org\/{rel}","templated":true}]}}