{"id":48063,"date":"2025-01-16T00:19:46","date_gmt":"2025-01-16T06:19:46","guid":{"rendered":"https:\/\/noticiasveracruz.com\/?p=48063"},"modified":"2025-01-15T23:08:56","modified_gmt":"2025-01-16T05:08:56","slug":"desalojan-campamento-migrante-en-ny-ante-posibles-redadas","status":"publish","type":"post","link":"https:\/\/noticiasveracruz.com\/index.php\/2025\/01\/16\/desalojan-campamento-migrante-en-ny-ante-posibles-redadas\/","title":{"rendered":"Desalojan campamento migrante en NY ante posibles redadas"},"content":{"rendered":"<p class=\"western\">La ciudad cerr\u00f3 un enorme complejo de carpas que albergaba a cientos de familias migrantes en un antiguo aeropuerto ubicado en Brooklyn a medida que reduce el sistema de albergues de emergencia que se estableci\u00f3 en respuesta a un aumento en el n\u00famero de llegadas en la frontera sur que ha ido en descenso constante durante los \u00faltimos meses.<\/p>\n<p class=\"western\">La \u00faltima de las cerca de 2 mil personas que viv\u00edan en la pista del Floyd Bennett Field \u2014 el primer aeropuerto de la ciudad\u2014 abandon\u00f3 el campamento durante el fin de semana pasado, y esta semana se pudo ver a los trabajadores mientras desmantelaban la enorme estructura.<\/p>\n<p class=\"western\">Los activistas hab\u00edan advertido que la instalaci\u00f3n, la cual fue construida en terrenos federales arrendados, podr\u00eda ser blanco de redadas migratorias una vez que el presidente electo Donald Trump asuma el cargo el lunes.<\/p>\n<p class=\"western\">Jehinzo Gonz\u00e1lez, un venezolano de 47 a\u00f1os, dijo que \u00e9l, su esposa y sus tres hijos fueron trasladados antes de Navidad a otro albergue cercano, el cual tambi\u00e9n es administrado por la ciudad.<\/p>\n<p class=\"western\">\u201cEs un lugar m\u00e1s digno para la familia. Tenemos tres habitaciones para los cinco integrantes. C\u00f3modas camas, ba\u00f1o privado\u201d, declar\u00f3, asombrado con la diferencia entre los catres en los que dorm\u00edan en su habitaci\u00f3n en el campamento del aeropuerto desde que llegaron al pa\u00eds en octubre pasado.<\/p>\n<p class=\"western\">La ciudad de Nueva York ha recibido a m\u00e1s de 250 mil migrantes desde mediados de 2022, pero la cifra de reci\u00e9n llegados ha ido a la baja por 27 semanas consecutivas y actualmente se encuentra en su punto m\u00e1s bajo en m\u00e1s de un a\u00f1o, dijo la oficina del alcalde Eric Adams.<\/p>\n<p class=\"western\">Actualmente hay aproximadamente unos 50 mil migrantes alojados en cerca de 200 instalaciones temporales, en comparaci\u00f3n con los casi 70 mil en enero pasado.<\/p>\n<p class=\"western\">Pero el constante cierre de albergues y reubicaciones forzadas tambi\u00e9n han obligado a muchas familias migrantes a trastocar sus rutinas de trabajo, escolarizaci\u00f3n y otras necesidades diarias precisamente en momentos en que intentan establecerse en la ciudad.<\/p>\n<p class=\"western\">El migrante venezolano Gabriel Montilla dijo que ahora pasa varias horas al d\u00eda atorado en el tr\u00e1fico mientras lleva a sus tres hijos peque\u00f1os a la escuela en Brooklyn y apur\u00e1ndose para llegar a tiempo a las citas despu\u00e9s de que su familia fue reubicada recientemente desde Floyd Bennett Field a un hotel en Queens.<\/p>\n<p class=\"western\">El martes apenas tuvo tiempo para dejar a los ni\u00f1os y atravesar Brooklyn para entregar sus documentos de inmigraci\u00f3n en una oficina gubernamental.<\/p>\n<p class=\"western\">\u201cSi fuera verano u otra cosa, si no hubiera una temperatura tan fr\u00eda, fuera distinto\u00bb, se\u00f1al\u00f3 mientras el viento helado azotaba la ciudad. \u201cPero, por lo menos ahorita, que es demasiado fuerte, es muy dif\u00edcil\u201d.<\/p>\n<p class=\"western\">Los grupos defensores de los derechos de los inmigrantes tambi\u00e9n afirman que se necesita hacer m\u00e1s para facilitar la transici\u00f3n de los migrantes hacia viviendas m\u00e1s permanentes.<\/p>\n<p class=\"western\">Entre las prioridades deber\u00eda estar poner fin a las controversiales pol\u00edticas que limitan el tiempo que se les permite permanecer en un albergue e invertir en una mejor gesti\u00f3n de casos y asistencia legal para que los migrantes puedan conseguir los permisos de trabajo necesarios, dijo Will Watts, director ejecutivo adjunto de la Coalition for the Homeless.<\/p>\n<p class=\"western\">Los migrantes reci\u00e9n llegados tambi\u00e9n deber\u00edan ser incorporados al sistema tradicional de albergues para indigentes de la ciudad para que ya no queden vulnerables a las autoridades migratorias, indic\u00f3 Steph Rudolph, abogada en Legal Aid Society.<\/p>\n<p class=\"western\">Trump ha prometido tomar medidas migratorias en\u00e9rgicas, como deportaciones a gran escala, una vez que asuma el cargo el lunes.<\/p>\n<p class=\"western\">\u201cAhora que los n\u00fameros van a la baja, ya no existe una justificaci\u00f3n para un sistema separado\u201d, dijo Rudolph el mi\u00e9rcoles. \u201cLo m\u00e1s l\u00f3gico ser\u00eda tener a todos bajo un mismo sistema\u201d.<\/p>\n<p class=\"western\">Gonz\u00e1lez dijo que le preocupa el futuro de su familia incluso cuando se sintieron si salir de Floyd Bennett Field les trajo un poco de alivio.<\/p>\n<p class=\"western\">\u201cDeber\u00edan respetar las leyes\u201d, dijo sobre la pr\u00f3xima presidencia de Trump, destacando que \u00e9l y su esposa ya solicitaron asilo, tienen sus documentos de trabajo en orden y tienen un trabajo de medio tiempo en una tienda local. \u201cEstamos haciendo todo como lo dictan las leyes del pa\u00eds. Esperamos en Dios que todo salga bien\u201d.<\/p>\n<p class=\"western\">Se tienen previstos m\u00e1s cierres en las pr\u00f3ximas semanas mientras el gobierno de Adams contin\u00faa con la reducci\u00f3n del sistema de albergues. Otro enorme complejo de carpas en Randall\u2019s Island, un parque insular frente a Manhattan, se ha ido vaciando constantemente antes de su cierre, el cual est\u00e1 programado el pr\u00f3ximo mes.<\/p>\n<p class=\"western\">El gobierno de la ciudad tambi\u00e9n anunci\u00f3 el viernes el cierre de otros 10 albergues, incluido uno en un complejo de almacenes al costado de una autopista en Brooklyn que lleg\u00f3 a recibir a m\u00e1s de 3 mil 300 hombres solteros en su momento de mayor actividad.<\/p>\n<p class=\"western\">En total, los movimientos reducir\u00e1n la capacidad de alojamiento para migrantes de la ciudad en aproximadamente 7 mil 800 camas, despu\u00e9s de tener en cuenta un nuevo albergue en el Bronx para m\u00e1s de 2 mil 200 hombres que han sido trasladados desde campamentos designados para cierre, seg\u00fan la oficina del alcalde.<\/p>\n","protected":false},"excerpt":{"rendered":"<p>La ciudad cerr\u00f3 un enorme complejo de carpas que albergaba a cientos de familias migrantes en un antiguo aeropuerto ubicado<\/p>\n","protected":false},"author":4,"featured_media":48064,"comment_status":"closed","ping_status":"closed","sticky":false,"template":"","format":"standard","meta":{"colormag_page_container_layout":"default_layout","colormag_page_sidebar_layout":"default_layout","_jetpack_memberships_contains_paid_content":false,"footnotes":"","jetpack_publicize_message":"","jetpack_publicize_feature_enabled":true,"jetpack_social_post_already_shared":true,"jetpack_social_options":{"image_generator_settings":{"template":"highway","default_image_id":0,"font":"","enabled":false},"version":2}},"categories":[355],"tags":[],"class_list":["post-48063","post","type-post","status-publish","format-standard","has-post-thumbnail","hentry","category-internacional"],"jetpack_publicize_connections":[],"jetpack_featured_media_url":"https:\/\/noticiasveracruz.com\/wp-content\/uploads\/2025\/01\/SDEWRYU.jpg","jetpack_sharing_enabled":true,"publishpress_future_action":{"enabled":false,"date":"2026-05-10 07:34:47","action":"change-status","newStatus":"draft","terms":[],"taxonomy":"category","extraData":[]},"publishpress_future_workflow_manual_trigger":{"enabledWorkflows":[]},"_links":{"self":[{"href":"https:\/\/noticiasveracruz.com\/index.php\/wp-json\/wp\/v2\/posts\/48063","targetHints":{"allow":["GET"]}}],"collection":[{"href":"https:\/\/noticiasveracruz.com\/index.php\/wp-json\/wp\/v2\/posts"}],"about":[{"href":"https:\/\/noticiasveracruz.com\/index.php\/wp-json\/wp\/v2\/types\/post"}],"author":[{"embeddable":true,"href":"https:\/\/noticiasveracruz.com\/index.php\/wp-json\/wp\/v2\/users\/4"}],"replies":[{"embeddable":true,"href":"https:\/\/noticiasveracruz.com\/index.php\/wp-json\/wp\/v2\/comments?post=48063"}],"version-history":[{"count":0,"href":"https:\/\/noticiasveracruz.com\/index.php\/wp-json\/wp\/v2\/posts\/48063\/revisions"}],"wp:featuredmedia":[{"embeddable":true,"href":"https:\/\/noticiasveracruz.com\/index.php\/wp-json\/wp\/v2\/media\/48064"}],"wp:attachment":[{"href":"https:\/\/noticiasveracruz.com\/index.php\/wp-json\/wp\/v2\/media?parent=48063"}],"wp:term":[{"taxonomy":"category","embeddable":true,"href":"https:\/\/noticiasveracruz.com\/index.php\/wp-json\/wp\/v2\/categories?post=48063"},{"taxonomy":"post_tag","embeddable":true,"href":"https:\/\/noticiasveracruz.com\/index.php\/wp-json\/wp\/v2\/tags?post=48063"}],"curies":[{"name":"wp","href":"https:\/\/api.w.org\/{rel}","templated":true}]}}