{"id":48060,"date":"2025-01-16T00:18:38","date_gmt":"2025-01-16T06:18:38","guid":{"rendered":"https:\/\/noticiasveracruz.com\/?p=48060"},"modified":"2025-01-15T23:06:42","modified_gmt":"2025-01-16T05:06:42","slug":"espera-a-gaza-una-enorme-tarea-de-reconstruccion-tras-15-meses-de-guerra","status":"publish","type":"post","link":"https:\/\/noticiasveracruz.com\/index.php\/2025\/01\/16\/espera-a-gaza-una-enorme-tarea-de-reconstruccion-tras-15-meses-de-guerra\/","title":{"rendered":"Espera a Gaza una enorme tarea de reconstrucci\u00f3n tras 15 meses de guerra"},"content":{"rendered":"<p>Tras el anuncio de un alto el fuego entre Israel y Hamas, la atenci\u00f3n se centra ahora en la monumental tarea de reconstruir y gobernar la franja de Gaza, devastada por 15 meses de guerra.<\/p>\n<p>Est\u00e1 por ver qui\u00e9n asumir\u00e1 la reconstrucci\u00f3n de las infraestructuras destrozadas y la reubicaci\u00f3n de la poblaci\u00f3n desplazada en este peque\u00f1o territorio palestino gobernado desde 2007 por el movimiento islamista Ham\u00e1s.<\/p>\n<p>\u00abNo se pueden ignorar los retos pol\u00edticos, dada la magnitud de la destrucci\u00f3n material y humana que ha vuelto Gaza inhabitable\u00bb, afirma Xavier Guignard, experto en cuestiones palestinas del gabinete de investigaci\u00f3n Noria Research.<\/p>\n<p>El caos reina en Gaza: Hamas se ha visto significativamente debilitado por la guerra con Israel, que se niega por su parte a abandonar el territorio sin garant\u00edas de seguridad.<\/p>\n<p><strong>\u00bfCu\u00e1les son los desaf\u00edos?<\/strong><\/p>\n<p>La situaci\u00f3n humanitaria es grave en Gaza, que ya antes de la guerra estaba castigada por un bloqueo israel\u00ed impuesto en 2006, la pobreza y el alto desempleo.<\/p>\n<p>La ONU estima que la reconstrucci\u00f3n del territorio, con m\u00e1s de la mitad de estructuras destruidas, llevar\u00e1 hasta 15 a\u00f1os y costar\u00e1 hasta 50 mil millones de d\u00f3lares.<\/p>\n<p>Las infraestructuras b\u00e1sicas, incluida la red de distribuci\u00f3n de agua, ha sufrido da\u00f1os extensos.<\/p>\n<p>Casi la totalidad de una poblaci\u00f3n de 2,4 millones de personas se ha visto desplazada al menos una vez por los bombardeos y los combates, seg\u00fan la ONU.<\/p>\n<p>La mayor\u00eda de los ni\u00f1os no fueron a la escuela durante m\u00e1s de un a\u00f1o, y solo un pu\u00f1ado de hospitales permanecen parcialmente operativos.<\/p>\n<p>Si la Autoridad Palestina, la entidad que administra partes de Cisjordania -el otro territorio palestino-, debiese hacerse cargo de la situaci\u00f3n, \u00abdepender\u00eda de donantes externos\u00bb porque \u00abcarece de recursos\u00bb, se\u00f1ala Guignard.<\/p>\n<p>\u00abA menudo, los planes de reconstrucci\u00f3n dependen de las monarqu\u00edas del Golfo, en particular Arabia Saudita, que intervienen con apoyo financiero. Pero estas naciones insisten cada vez m\u00e1s en que la era de la financiaci\u00f3n incondicional ha terminado\u00bb, agrega.<\/p>\n<p>Fuentes diplom\u00e1ticas confirmaron a AFP que los pa\u00edses \u00e1rabes han exigido, como condici\u00f3n para una ayuda financiera, que se emprenda un proceso pol\u00edtico para crear un estado palestino.<\/p>\n<p>Pero esto es una \u00abl\u00ednea roja\u00bb para Israel, se\u00f1ala Guignard.<\/p>\n<p>\u00abPase lo que pase, ser\u00e1 un dolor de cabeza para todos los involucrados\u00bb, afirma un diplom\u00e1tico en Jerusal\u00e9n.<\/p>\n<p><strong>\u00bfQu\u00e9 quieren los palestinos?<\/strong><\/p>\n<p>Hamas, que gan\u00f3 las \u00faltimas elecciones legislativas palestinas de 2006, tom\u00f3 el poder al a\u00f1o siguiente tras expulsar en enfrentamientos violentos al movimiento Fatah del presidente palestino Mahmud Ab\u00e1s.<\/p>\n<p>Pero el movimiento islamista afirma ahora que no busca gobernar Gaza tras la guerra.<\/p>\n<p>Fuentes de Hamas dijeron a AFP que aceptar\u00edan trasferir los asuntos civiles de Gaza a una entidad palestina.<\/p>\n<p>\u00abEn 2014, despu\u00e9s de la guerra anterior, Hamas no se involucr\u00f3 directamente en la reconstrucci\u00f3n y mostr\u00f3 flexibilidad al aceptar un comit\u00e9\u00bb externo, recuerda Yaser Abu Hein, un analista pol\u00edtico palestino.<\/p>\n<p>Los l\u00edderes palestinos de todas las facciones han enfatizado durante mucho tiempo que el futuro de Gaza es una decisi\u00f3n que les corresponde a ellos, rechazando cualquier interferencia extranjera.<\/p>\n<p>Pero el primer ministro israel\u00ed, Benjamin Netanyahu, se ha negado hasta ahora a que Ham\u00e1s o Fatah tengan un papel en la gobernanza de Gaza tras la guerra.<\/p>\n<p>Durante las negociaciones en El Cairo, los representantes de Hamas y Fatah acordaron que Gaza podr\u00eda ser gobernada por un comit\u00e9 de personalidades independientes bajo la \u00e9gida de la Autoridad Palestina.<\/p>\n<p>\u00abEstablecer este comit\u00e9 requerir\u00e1 que Mahmud Ab\u00e1s emita un decreto presidencial\u00bb, explica Hugh Lovatt, investigador del Consejo Europeo de Relaciones Exteriores.<\/p>\n<p>\u00abPero durante mucho tiempo ha sido reacio (cuando se trata de la reconciliaci\u00f3n palestina) dado su miedo a perder financiaci\u00f3n (internacional) y su deseo de recuperar el control de seguridad total sobre la Franja de Gaza\u00bb, agrega.<\/p>\n<p>El martes, el secretario de Estado estadunidense, Antony Blinken, afirm\u00f3 que la Autoridad Palestina \u00abdeber\u00eda invitar a socios internacionales para que ayuden a establecer y dirigir una administraci\u00f3n interina\u00bb en Gaza.<\/p>\n<p><strong>\u00bfQu\u00e9 quiere Israel?<\/strong><\/p>\n<p>Israel ocup\u00f3 la Franja de Gaza desde 1967 hasta 2005, cuando se retir\u00f3 unilateralmente, evacuando a sus colonos.<\/p>\n<p>Actualmente, Israel no tiene una postura definitiva sobre la gobernanza del territorio tras la guerra m\u00e1s all\u00e1 de rechazar por completo que quede en manos de Hamas.<\/p>\n<p>El ex ministro de defensa Yoav Gallant, que renunci\u00f3 a principios de noviembre, asegur\u00f3 que Israel no quiere administrar Gaza una vez acabada la guerra.<\/p>\n<p>Su sucesor, Israel Katz, ha pedido \u00abtotal libertad de acci\u00f3n\u00bb para el ej\u00e9rcito israel\u00ed en Gaza.<\/p>\n<p>Algunos pol\u00edticos de ultraderecha israel\u00edes, incluidos miembros del gobierno, piden el regreso de los colonos a Gaza y ven el reciente establecimiento de bases militares all\u00ed como un apoyo impl\u00edcito a esta idea.<\/p>\n<p>Los medios israel\u00edes tambi\u00e9n han planteado la posibilidad de una fuerza internacional en que participen Arabia Saudita, Egipto, Emiratos \u00c1rabes Unidos, Estados Unidos o la Uni\u00f3n Europea, aunque sus detalles a\u00fan no est\u00e1n claros.<\/p>\n","protected":false},"excerpt":{"rendered":"<p>Tras el anuncio de un alto el fuego entre Israel y Hamas, la atenci\u00f3n se centra ahora en la monumental<\/p>\n","protected":false},"author":4,"featured_media":48061,"comment_status":"closed","ping_status":"closed","sticky":false,"template":"","format":"standard","meta":{"colormag_page_container_layout":"default_layout","colormag_page_sidebar_layout":"default_layout","_jetpack_memberships_contains_paid_content":false,"footnotes":"","jetpack_publicize_message":"","jetpack_publicize_feature_enabled":true,"jetpack_social_post_already_shared":true,"jetpack_social_options":{"image_generator_settings":{"template":"highway","default_image_id":0,"font":"","enabled":false},"version":2}},"categories":[355],"tags":[],"class_list":["post-48060","post","type-post","status-publish","format-standard","has-post-thumbnail","hentry","category-internacional"],"jetpack_publicize_connections":[],"jetpack_featured_media_url":"https:\/\/noticiasveracruz.com\/wp-content\/uploads\/2025\/01\/AA1xgrZS.jpg","jetpack_sharing_enabled":true,"publishpress_future_action":{"enabled":false,"date":"2026-05-10 08:41:04","action":"change-status","newStatus":"draft","terms":[],"taxonomy":"category","extraData":[]},"publishpress_future_workflow_manual_trigger":{"enabledWorkflows":[]},"_links":{"self":[{"href":"https:\/\/noticiasveracruz.com\/index.php\/wp-json\/wp\/v2\/posts\/48060","targetHints":{"allow":["GET"]}}],"collection":[{"href":"https:\/\/noticiasveracruz.com\/index.php\/wp-json\/wp\/v2\/posts"}],"about":[{"href":"https:\/\/noticiasveracruz.com\/index.php\/wp-json\/wp\/v2\/types\/post"}],"author":[{"embeddable":true,"href":"https:\/\/noticiasveracruz.com\/index.php\/wp-json\/wp\/v2\/users\/4"}],"replies":[{"embeddable":true,"href":"https:\/\/noticiasveracruz.com\/index.php\/wp-json\/wp\/v2\/comments?post=48060"}],"version-history":[{"count":0,"href":"https:\/\/noticiasveracruz.com\/index.php\/wp-json\/wp\/v2\/posts\/48060\/revisions"}],"wp:featuredmedia":[{"embeddable":true,"href":"https:\/\/noticiasveracruz.com\/index.php\/wp-json\/wp\/v2\/media\/48061"}],"wp:attachment":[{"href":"https:\/\/noticiasveracruz.com\/index.php\/wp-json\/wp\/v2\/media?parent=48060"}],"wp:term":[{"taxonomy":"category","embeddable":true,"href":"https:\/\/noticiasveracruz.com\/index.php\/wp-json\/wp\/v2\/categories?post=48060"},{"taxonomy":"post_tag","embeddable":true,"href":"https:\/\/noticiasveracruz.com\/index.php\/wp-json\/wp\/v2\/tags?post=48060"}],"curies":[{"name":"wp","href":"https:\/\/api.w.org\/{rel}","templated":true}]}}