{"id":48057,"date":"2025-01-16T00:17:21","date_gmt":"2025-01-16T06:17:21","guid":{"rendered":"https:\/\/noticiasveracruz.com\/?p=48057"},"modified":"2025-01-15T23:03:07","modified_gmt":"2025-01-16T05:03:07","slug":"cuba-fuera-de-la-lista-de-promotores-del-terrorismo","status":"publish","type":"post","link":"https:\/\/noticiasveracruz.com\/index.php\/2025\/01\/16\/cuba-fuera-de-la-lista-de-promotores-del-terrorismo\/","title":{"rendered":"Cuba, fuera de la lista de promotores del terrorismo"},"content":{"rendered":"<p class=\"s-s\">El presidente saliente de Estados Unidos, Joe Biden, retir\u00f3 a Cuba de la lista de pa\u00edses patrocinadores del terrorismo, a pocos d\u00edas de que Donald Trump, que impuso esta medida durante su primer mandato, asuma la presidencia.<\/p>\n<p>La medida form\u00f3 parte de un acuerdo que facilit\u00f3 el Vaticano\u00a0<q>para liberar a docenas de presos pol\u00edticos en la isla que fueron encarcelados por protestar contra en julio de 2021<\/q>, inform\u00f3 la secretaria de prensa de la Casa Blanca, Karine Jean-Pierre, en un comunicado.<\/p>\n<p>La funcionar\u00eda tambi\u00e9n anunci\u00f3 que como parte de las medidas se incluye una exenci\u00f3n del T\u00edtulo III de la Ley Helms-Burton, conocida como\u00a0<q>ley libertad<\/q>, que permit\u00eda a los estadunidenses realizar demandas por\u00a0<q>da\u00f1os sobre propiedades privadas confiscadas durante la revoluci\u00f3n cubana.<\/q><\/p>\n<p>Adem\u00e1s, la administraci\u00f3n Biden comunic\u00f3 que rescindir\u00e1 el Memorando Presidencial de Seguridad Nacional 5 (NSPM-5) de 2017 para eliminar la llamada\u00a0<q>lista restringida<\/q>, en donde se incluye un cat\u00e1logo de entidades cubanas que est\u00e1n sujetas a ciertas transacciones financieras prohibidas.<\/p>\n<p>La presidencia de Cuba se\u00f1al\u00f3 en X que la isla nunca debi\u00f3 estar en esa lista, dijo se trata de\u00a0<q>una decisi\u00f3n en la direcci\u00f3n correcta aunque tard\u00eda y con alcance limitado<\/q>, y a\u00f1adi\u00f3 que\u00a0<q>es importante se\u00f1alar que permanecen vigentes el bloqueo econ\u00f3mico y buena parte de las decenas de medidas coercitivas que se pusieron en vigor desde 2017 para reforzarlo<\/q>.<\/p>\n","protected":false},"excerpt":{"rendered":"<p>El presidente saliente de Estados Unidos, Joe Biden, retir\u00f3 a Cuba de la lista de pa\u00edses patrocinadores del terrorismo, a<\/p>\n","protected":false},"author":4,"featured_media":48058,"comment_status":"closed","ping_status":"closed","sticky":false,"template":"","format":"standard","meta":{"colormag_page_container_layout":"default_layout","colormag_page_sidebar_layout":"default_layout","_jetpack_memberships_contains_paid_content":false,"footnotes":"","jetpack_publicize_message":"","jetpack_publicize_feature_enabled":true,"jetpack_social_post_already_shared":true,"jetpack_social_options":{"image_generator_settings":{"template":"highway","default_image_id":0,"font":"","enabled":false},"version":2}},"categories":[355],"tags":[],"class_list":["post-48057","post","type-post","status-publish","format-standard","has-post-thumbnail","hentry","category-internacional"],"jetpack_publicize_connections":[],"jetpack_featured_media_url":"https:\/\/noticiasveracruz.com\/wp-content\/uploads\/2025\/01\/screenshot-2025-01-14-191503.png","jetpack_sharing_enabled":true,"publishpress_future_action":{"enabled":false,"date":"2026-05-10 09:42:47","action":"change-status","newStatus":"draft","terms":[],"taxonomy":"category","extraData":[]},"publishpress_future_workflow_manual_trigger":{"enabledWorkflows":[]},"_links":{"self":[{"href":"https:\/\/noticiasveracruz.com\/index.php\/wp-json\/wp\/v2\/posts\/48057","targetHints":{"allow":["GET"]}}],"collection":[{"href":"https:\/\/noticiasveracruz.com\/index.php\/wp-json\/wp\/v2\/posts"}],"about":[{"href":"https:\/\/noticiasveracruz.com\/index.php\/wp-json\/wp\/v2\/types\/post"}],"author":[{"embeddable":true,"href":"https:\/\/noticiasveracruz.com\/index.php\/wp-json\/wp\/v2\/users\/4"}],"replies":[{"embeddable":true,"href":"https:\/\/noticiasveracruz.com\/index.php\/wp-json\/wp\/v2\/comments?post=48057"}],"version-history":[{"count":0,"href":"https:\/\/noticiasveracruz.com\/index.php\/wp-json\/wp\/v2\/posts\/48057\/revisions"}],"wp:featuredmedia":[{"embeddable":true,"href":"https:\/\/noticiasveracruz.com\/index.php\/wp-json\/wp\/v2\/media\/48058"}],"wp:attachment":[{"href":"https:\/\/noticiasveracruz.com\/index.php\/wp-json\/wp\/v2\/media?parent=48057"}],"wp:term":[{"taxonomy":"category","embeddable":true,"href":"https:\/\/noticiasveracruz.com\/index.php\/wp-json\/wp\/v2\/categories?post=48057"},{"taxonomy":"post_tag","embeddable":true,"href":"https:\/\/noticiasveracruz.com\/index.php\/wp-json\/wp\/v2\/tags?post=48057"}],"curies":[{"name":"wp","href":"https:\/\/api.w.org\/{rel}","templated":true}]}}