{"id":48054,"date":"2025-01-16T00:16:23","date_gmt":"2025-01-16T06:16:23","guid":{"rendered":"https:\/\/noticiasveracruz.com\/?p=48054"},"modified":"2025-01-15T23:00:20","modified_gmt":"2025-01-16T05:00:20","slug":"jalisco-avalara-ley-que-permite-cambio-de-nombre-e-identidad-de-genero","status":"publish","type":"post","link":"https:\/\/noticiasveracruz.com\/index.php\/2025\/01\/16\/jalisco-avalara-ley-que-permite-cambio-de-nombre-e-identidad-de-genero\/","title":{"rendered":"Jalisco avalar\u00e1 ley que permite cambio de nombre e identidad de g\u00e9nero"},"content":{"rendered":"<p>Con la aprobaci\u00f3n de la mayor\u00eda de las bancadas del Congreso estatal, se dio entrada a la iniciativa de los tres diputados del partido local Hagamos para realizar una modificaci\u00f3n a la Ley del Registro Civil de Jalisco que permita a cualquier persona, incluidos menores de edad, modificar su nombre e identidad de g\u00e9nero, en cumplimiento a lo ordenado por la Suprema Corte de Justicia de la Naci\u00f3n.<\/p>\n<p>\u201cPara ejercer ese derecho no se necesita la mayor\u00eda de edad y por lo tanto h\u00e1gase legislaci\u00f3n sobre el procedimiento que se debe utilizar. Eso es todo, no estamos legislando sobre el derecho. El derecho ya est\u00e1 concedido\u00bb, dijo el coordinador de la bancada de Hagamos, Tonatiuh Bravo Padilla.<\/p>\n<p>Hasta ahora el Registro Civil de Jalisco, seg\u00fan lo determinado por la Corte, incurre en discriminaci\u00f3n de las infancias trans al permitir s\u00f3lo a mayores de edad optar por su cambio de g\u00e9nero y nombre oficialmente.<\/p>\n<p>La iniciativa, tal como se establece en la legislaci\u00f3n federal, dicta que los menores de edad tendr\u00edan que acudir al tr\u00e1mite acompa\u00f1ados de sus padres o por un tutor. Fue turnada a la comisi\u00f3n de Estudios Legislativos, previo a su presentaci\u00f3n ante la plenaria.<\/p>\n<p>Como es obligatorio su cumplimiento so pena de desacato a la Corte, todo indica que ser\u00e1 aprobada tal como se dio entrada a la propuesta, en la que se establece la forma y tramitolog\u00eda a seguir para las infancias que deseen el cambio.<\/p>\n","protected":false},"excerpt":{"rendered":"<p>Con la aprobaci\u00f3n de la mayor\u00eda de las bancadas del Congreso estatal, se dio entrada a la iniciativa de los<\/p>\n","protected":false},"author":4,"featured_media":48055,"comment_status":"closed","ping_status":"closed","sticky":false,"template":"","format":"standard","meta":{"colormag_page_container_layout":"default_layout","colormag_page_sidebar_layout":"default_layout","_jetpack_memberships_contains_paid_content":false,"footnotes":"","jetpack_publicize_message":"","jetpack_publicize_feature_enabled":true,"jetpack_social_post_already_shared":true,"jetpack_social_options":{"image_generator_settings":{"template":"highway","default_image_id":0,"font":"","enabled":false},"version":2}},"categories":[145],"tags":[],"class_list":["post-48054","post","type-post","status-publish","format-standard","has-post-thumbnail","hentry","category-estados"],"jetpack_publicize_connections":[],"jetpack_featured_media_url":"https:\/\/noticiasveracruz.com\/wp-content\/uploads\/2025\/01\/GEN-1.jpg","jetpack_sharing_enabled":true,"publishpress_future_action":{"enabled":false,"date":"2026-05-10 10:53:01","action":"change-status","newStatus":"draft","terms":[],"taxonomy":"category","extraData":[]},"publishpress_future_workflow_manual_trigger":{"enabledWorkflows":[]},"_links":{"self":[{"href":"https:\/\/noticiasveracruz.com\/index.php\/wp-json\/wp\/v2\/posts\/48054","targetHints":{"allow":["GET"]}}],"collection":[{"href":"https:\/\/noticiasveracruz.com\/index.php\/wp-json\/wp\/v2\/posts"}],"about":[{"href":"https:\/\/noticiasveracruz.com\/index.php\/wp-json\/wp\/v2\/types\/post"}],"author":[{"embeddable":true,"href":"https:\/\/noticiasveracruz.com\/index.php\/wp-json\/wp\/v2\/users\/4"}],"replies":[{"embeddable":true,"href":"https:\/\/noticiasveracruz.com\/index.php\/wp-json\/wp\/v2\/comments?post=48054"}],"version-history":[{"count":0,"href":"https:\/\/noticiasveracruz.com\/index.php\/wp-json\/wp\/v2\/posts\/48054\/revisions"}],"wp:featuredmedia":[{"embeddable":true,"href":"https:\/\/noticiasveracruz.com\/index.php\/wp-json\/wp\/v2\/media\/48055"}],"wp:attachment":[{"href":"https:\/\/noticiasveracruz.com\/index.php\/wp-json\/wp\/v2\/media?parent=48054"}],"wp:term":[{"taxonomy":"category","embeddable":true,"href":"https:\/\/noticiasveracruz.com\/index.php\/wp-json\/wp\/v2\/categories?post=48054"},{"taxonomy":"post_tag","embeddable":true,"href":"https:\/\/noticiasveracruz.com\/index.php\/wp-json\/wp\/v2\/tags?post=48054"}],"curies":[{"name":"wp","href":"https:\/\/api.w.org\/{rel}","templated":true}]}}