{"id":48009,"date":"2025-01-16T00:01:23","date_gmt":"2025-01-16T06:01:23","guid":{"rendered":"https:\/\/noticiasveracruz.com\/?p=48009"},"modified":"2025-01-15T21:43:13","modified_gmt":"2025-01-16T03:43:13","slug":"sefiplan-llama-a-aprovechar-descuentos","status":"publish","type":"post","link":"https:\/\/noticiasveracruz.com\/index.php\/2025\/01\/16\/sefiplan-llama-a-aprovechar-descuentos\/","title":{"rendered":"Sefiplan llama a aprovechar descuentos"},"content":{"rendered":"<p>La Secretar\u00eda de Finanzas y Planeaci\u00f3n (Sefiplan) recuerda a las y los contribuyentes que el descuento del 15 por ciento en el pago de derechos vehiculares estar\u00e1 vigente hasta el 31 de enero, con un costo de 575 pesos para motocicletas y mil 025 pesos para autom\u00f3viles, montos que incluyen el impuesto de fomento a la educaci\u00f3n y el donativo a la Cruz Roja.<\/p>\n<p>A partir de febrero el descuento ser\u00e1 del 8 por ciento, es decir, mil 154 pesos para autom\u00f3viles y 647 pesos para motocicletas, con sus respectivos impuestos y vigencia hasta el 28.<\/p>\n<p>Asimismo, podr\u00e1n acceder al subsidio del 100 por ciento de la tenencia, as\u00ed como el 99 por ciento en recargos y actualizaciones de adeudos anteriores, siempre y cuando cuenten con las verificaciones vehiculares al corriente.<\/p>\n<p>Cabe recordar que en febrero entra en vigor la actualizaci\u00f3n anual de la Unidad de Medida y Actualizaci\u00f3n (UMA), aplicable tambi\u00e9n a multas, recargos y actualizaciones de impuestos estatales y federales.<\/p>\n<p>Para verificar el costo y realizar el pago de las obligaciones tributarias vigentes, se debe acudir a las oficinas de Hacienda del Estado o entrando el portal web www.ovh.gob.mx<\/p>\n<p>Para m\u00e1s informaci\u00f3n, consultar las redes sociales Facebook: MiHaciendaVeracruz, X: @SEFIPLANVer_, o al 800 260 24 00, en horario de 08:00 a 18:00 horas.<\/p>\n","protected":false},"excerpt":{"rendered":"<p>La Secretar\u00eda de Finanzas y Planeaci\u00f3n (Sefiplan) recuerda a las y los contribuyentes que el descuento del 15 por ciento<\/p>\n","protected":false},"author":4,"featured_media":48010,"comment_status":"closed","ping_status":"closed","sticky":false,"template":"","format":"standard","meta":{"colormag_page_container_layout":"default_layout","colormag_page_sidebar_layout":"default_layout","_jetpack_memberships_contains_paid_content":false,"footnotes":"","jetpack_publicize_message":"","jetpack_publicize_feature_enabled":true,"jetpack_social_post_already_shared":true,"jetpack_social_options":{"image_generator_settings":{"template":"highway","default_image_id":0,"font":"","enabled":false},"version":2}},"categories":[356],"tags":[],"class_list":["post-48009","post","type-post","status-publish","format-standard","has-post-thumbnail","hentry","category-veracruz"],"jetpack_publicize_connections":[],"jetpack_featured_media_url":"https:\/\/noticiasveracruz.com\/wp-content\/uploads\/2025\/01\/9c-4.jpg","jetpack_sharing_enabled":true,"publishpress_future_action":{"enabled":false,"date":"2026-05-07 01:06:29","action":"change-status","newStatus":"draft","terms":[],"taxonomy":"category","extraData":[]},"publishpress_future_workflow_manual_trigger":{"enabledWorkflows":[]},"_links":{"self":[{"href":"https:\/\/noticiasveracruz.com\/index.php\/wp-json\/wp\/v2\/posts\/48009","targetHints":{"allow":["GET"]}}],"collection":[{"href":"https:\/\/noticiasveracruz.com\/index.php\/wp-json\/wp\/v2\/posts"}],"about":[{"href":"https:\/\/noticiasveracruz.com\/index.php\/wp-json\/wp\/v2\/types\/post"}],"author":[{"embeddable":true,"href":"https:\/\/noticiasveracruz.com\/index.php\/wp-json\/wp\/v2\/users\/4"}],"replies":[{"embeddable":true,"href":"https:\/\/noticiasveracruz.com\/index.php\/wp-json\/wp\/v2\/comments?post=48009"}],"version-history":[{"count":0,"href":"https:\/\/noticiasveracruz.com\/index.php\/wp-json\/wp\/v2\/posts\/48009\/revisions"}],"wp:featuredmedia":[{"embeddable":true,"href":"https:\/\/noticiasveracruz.com\/index.php\/wp-json\/wp\/v2\/media\/48010"}],"wp:attachment":[{"href":"https:\/\/noticiasveracruz.com\/index.php\/wp-json\/wp\/v2\/media?parent=48009"}],"wp:term":[{"taxonomy":"category","embeddable":true,"href":"https:\/\/noticiasveracruz.com\/index.php\/wp-json\/wp\/v2\/categories?post=48009"},{"taxonomy":"post_tag","embeddable":true,"href":"https:\/\/noticiasveracruz.com\/index.php\/wp-json\/wp\/v2\/tags?post=48009"}],"curies":[{"name":"wp","href":"https:\/\/api.w.org\/{rel}","templated":true}]}}